{"id":940,"date":"2026-07-12T17:55:00","date_gmt":"2026-07-12T20:55:00","guid":{"rendered":"https:\/\/908magazine.com.br\/?p=940"},"modified":"2026-08-20T21:13:17","modified_gmt":"2026-08-21T00:13:17","slug":"roman-manfredi","status":"publish","type":"post","link":"https:\/\/908magazine.com.br\/en\/roman-manfredi\/","title":{"rendered":"roman manfredi"},"content":{"rendered":"<h3 class=\"wp-block-heading\">tra<\/h3>\n\n\n\n<p class=\"wp-block-paragraph\">Inspired by the ancient Neapolitan figure of the <strong>femminimello<\/strong> \u2014 a revered presence, considered auspicious and spiritually unique \u2014 <em>tra<\/em> It pays homage to those who live outside the binary expectations of gender.&nbsp;<\/p>\n\n\n\n<figure class=\"wp-block-gallery has-nested-images columns-default is-cropped wp-block-gallery-1 is-layout-flex wp-block-gallery-is-layout-flex\">\n<figure class=\"wp-block-image size-large\"><a href=\"https:\/\/908magazine.com.br\/wp-content\/uploads\/2026\/01\/tinified_Roman-Manfredi_11_Dario.jpg\"><img loading=\"lazy\" decoding=\"async\" width=\"819\" height=\"1024\" data-id=\"941\" src=\"https:\/\/908magazine.com.br\/wp-content\/uploads\/2026\/01\/tinified_Roman-Manfredi_11_Dario-819x1024.jpg\" alt=\"\" class=\"wp-image-941\" srcset=\"https:\/\/908magazine.com.br\/wp-content\/uploads\/2026\/01\/tinified_Roman-Manfredi_11_Dario-819x1024.jpg 819w, https:\/\/908magazine.com.br\/wp-content\/uploads\/2026\/01\/tinified_Roman-Manfredi_11_Dario-240x300.jpg 240w, https:\/\/908magazine.com.br\/wp-content\/uploads\/2026\/01\/tinified_Roman-Manfredi_11_Dario-768x960.jpg 768w, https:\/\/908magazine.com.br\/wp-content\/uploads\/2026\/01\/tinified_Roman-Manfredi_11_Dario-60x75.jpg 60w, https:\/\/908magazine.com.br\/wp-content\/uploads\/2026\/01\/tinified_Roman-Manfredi_11_Dario-480x600.jpg 480w, https:\/\/908magazine.com.br\/wp-content\/uploads\/2026\/01\/tinified_Roman-Manfredi_11_Dario.jpg 1200w\" sizes=\"auto, (max-width: 819px) 100vw, 819px\" \/><\/a><\/figure>\n\n\n\n<figure class=\"wp-block-image size-large\"><a href=\"https:\/\/908magazine.com.br\/wp-content\/uploads\/2026\/01\/tinified_Roman-Manfredi_8_CiroCiretta.jpg\"><img loading=\"lazy\" decoding=\"async\" width=\"819\" height=\"1024\" data-id=\"952\" src=\"https:\/\/908magazine.com.br\/wp-content\/uploads\/2026\/01\/tinified_Roman-Manfredi_8_CiroCiretta-819x1024.jpg\" alt=\"\" class=\"wp-image-952\" srcset=\"https:\/\/908magazine.com.br\/wp-content\/uploads\/2026\/01\/tinified_Roman-Manfredi_8_CiroCiretta-819x1024.jpg 819w, https:\/\/908magazine.com.br\/wp-content\/uploads\/2026\/01\/tinified_Roman-Manfredi_8_CiroCiretta-240x300.jpg 240w, https:\/\/908magazine.com.br\/wp-content\/uploads\/2026\/01\/tinified_Roman-Manfredi_8_CiroCiretta-768x960.jpg 768w, https:\/\/908magazine.com.br\/wp-content\/uploads\/2026\/01\/tinified_Roman-Manfredi_8_CiroCiretta-60x75.jpg 60w, https:\/\/908magazine.com.br\/wp-content\/uploads\/2026\/01\/tinified_Roman-Manfredi_8_CiroCiretta-480x600.jpg 480w, https:\/\/908magazine.com.br\/wp-content\/uploads\/2026\/01\/tinified_Roman-Manfredi_8_CiroCiretta.jpg 1200w\" sizes=\"auto, (max-width: 819px) 100vw, 819px\" \/><\/a><\/figure>\n<\/figure>\n\n\n\n<p class=\"wp-block-paragraph\"><em>tra<\/em> resiste \u00e0 intelectualiza\u00e7\u00e3o acad\u00eamica excessiva da identidade. Ela fala de um estado de ser entre, no meio de e dentro de \u2014 um espa\u00e7o energ\u00e9tico onde o masculino e o feminino convergem e se dissolvem, onde as categorias se confundem em algo mais elementar. Roman viaja por N\u00e1poles, onde a paisagem est\u00e1 presa entre per\u00edodos de tempo e a rela\u00e7\u00e3o entre as pessoas e o lugar \u00e9 intuitiva, sentida, incorporada e antiga. Embora identidades de esp\u00edrito duplo tenham sido frequentemente reconhecidas em corpos atribu\u00eddos ao sexo masculino, as express\u00f5es de varia\u00e7\u00e3o de g\u00eanero nascidas do sexo feminino t\u00eam sido historicamente descartadas ou menosprezadas. Termos como maschiaccio ou totore (g\u00edria napolitana) carregam um estigma cultural e de classe. Este projeto inclui <strong>masculille<\/strong> In an attempt to recover this space, offering a reimagining based on dignity, tradition and transformation.<\/p>\n\n\n\n<figure class=\"wp-block-gallery has-nested-images columns-default is-cropped wp-block-gallery-2 is-layout-flex wp-block-gallery-is-layout-flex\">\n<figure class=\"wp-block-image size-large\"><a href=\"https:\/\/908magazine.com.br\/wp-content\/uploads\/2026\/01\/tinified_Roman-Manfredi_3_Cira.jpg\"><img loading=\"lazy\" decoding=\"async\" width=\"819\" height=\"1024\" data-id=\"943\" src=\"https:\/\/908magazine.com.br\/wp-content\/uploads\/2026\/01\/tinified_Roman-Manfredi_3_Cira-819x1024.jpg\" alt=\"\" class=\"wp-image-943\" srcset=\"https:\/\/908magazine.com.br\/wp-content\/uploads\/2026\/01\/tinified_Roman-Manfredi_3_Cira-819x1024.jpg 819w, https:\/\/908magazine.com.br\/wp-content\/uploads\/2026\/01\/tinified_Roman-Manfredi_3_Cira-240x300.jpg 240w, https:\/\/908magazine.com.br\/wp-content\/uploads\/2026\/01\/tinified_Roman-Manfredi_3_Cira-768x960.jpg 768w, https:\/\/908magazine.com.br\/wp-content\/uploads\/2026\/01\/tinified_Roman-Manfredi_3_Cira-60x75.jpg 60w, https:\/\/908magazine.com.br\/wp-content\/uploads\/2026\/01\/tinified_Roman-Manfredi_3_Cira-480x600.jpg 480w, https:\/\/908magazine.com.br\/wp-content\/uploads\/2026\/01\/tinified_Roman-Manfredi_3_Cira.jpg 1200w\" sizes=\"auto, (max-width: 819px) 100vw, 819px\" \/><\/a><\/figure>\n\n\n\n<figure class=\"wp-block-image size-large\"><a href=\"https:\/\/908magazine.com.br\/wp-content\/uploads\/2026\/01\/tinified_Roman-Manfredi_6_Maurizia.jpg\"><img loading=\"lazy\" decoding=\"async\" width=\"843\" height=\"1024\" data-id=\"942\" src=\"https:\/\/908magazine.com.br\/wp-content\/uploads\/2026\/01\/tinified_Roman-Manfredi_6_Maurizia-843x1024.jpg\" alt=\"\" class=\"wp-image-942\" srcset=\"https:\/\/908magazine.com.br\/wp-content\/uploads\/2026\/01\/tinified_Roman-Manfredi_6_Maurizia-843x1024.jpg 843w, https:\/\/908magazine.com.br\/wp-content\/uploads\/2026\/01\/tinified_Roman-Manfredi_6_Maurizia-247x300.jpg 247w, https:\/\/908magazine.com.br\/wp-content\/uploads\/2026\/01\/tinified_Roman-Manfredi_6_Maurizia-768x933.jpg 768w, https:\/\/908magazine.com.br\/wp-content\/uploads\/2026\/01\/tinified_Roman-Manfredi_6_Maurizia-60x73.jpg 60w, https:\/\/908magazine.com.br\/wp-content\/uploads\/2026\/01\/tinified_Roman-Manfredi_6_Maurizia.jpg 1235w\" sizes=\"auto, (max-width: 843px) 100vw, 843px\" \/><\/a><\/figure>\n\n\n\n<figure class=\"wp-block-image size-large\"><a href=\"https:\/\/908magazine.com.br\/wp-content\/uploads\/2026\/01\/tinified_Roman-Manfredi_10_Untitled.jpg\"><img loading=\"lazy\" decoding=\"async\" width=\"705\" height=\"1024\" data-id=\"944\" src=\"https:\/\/908magazine.com.br\/wp-content\/uploads\/2026\/01\/tinified_Roman-Manfredi_10_Untitled-705x1024.jpg\" alt=\"\" class=\"wp-image-944\" srcset=\"https:\/\/908magazine.com.br\/wp-content\/uploads\/2026\/01\/tinified_Roman-Manfredi_10_Untitled-705x1024.jpg 705w, https:\/\/908magazine.com.br\/wp-content\/uploads\/2026\/01\/tinified_Roman-Manfredi_10_Untitled-206x300.jpg 206w, https:\/\/908magazine.com.br\/wp-content\/uploads\/2026\/01\/tinified_Roman-Manfredi_10_Untitled-768x1116.jpg 768w, https:\/\/908magazine.com.br\/wp-content\/uploads\/2026\/01\/tinified_Roman-Manfredi_10_Untitled-60x87.jpg 60w, https:\/\/908magazine.com.br\/wp-content\/uploads\/2026\/01\/tinified_Roman-Manfredi_10_Untitled.jpg 1032w\" sizes=\"auto, (max-width: 705px) 100vw, 705px\" \/><\/a><\/figure>\n<\/figure>\n\n\n\n<p class=\"wp-block-paragraph\"><\/p>\n\n\n\n<p class=\"has-small-font-size wp-block-paragraph\">Sobre o autor: <br><strong>roman manfredi<\/strong> \u00e9 artista. Utiliza fotografia anal\u00f3gica, imagens em movimento e som, para explorar as interse\u00e7\u00f5es entre lugar, narrativas pessoais e paisagens pol\u00edticas atrav\u00e9s da experi\u00eancia cotidiana. Apaixonado por amplificar as narrativas da classe trabalhadora, seu trabalho est\u00e1 enraizado na captura de comunidades, experi\u00eancias e identidades sub-representadas, com \u00eanfase nas perspectivas LGBTQ+.<\/p>\n\n\n\n<p class=\"wp-block-paragraph\"><\/p>\n\n\n\n<p class=\"wp-block-paragraph\"><\/p>","protected":false},"excerpt":{"rendered":"<p>TRA Inspirando-se na antiga figura napolitana do femminiello \u2014 uma presen\u00e7a reverenciada, considerada auspiciosa e espiritualmente \u00fanica \u2014, TRA presta homenagem \u00e0queles que vivem fora das expectativas bin\u00e1rias de g\u00eanero.&nbsp; TRA resiste \u00e0 intelectualiza\u00e7\u00e3o acad\u00eamica excessiva da identidade. Ela fala de um estado de ser entre, no meio de e dentro de \u2014 um espa\u00e7o energ\u00e9tico onde o masculino e o feminino convergem e se dissolvem, onde as categorias se confundem em algo mais elementar. Roman viaja por N\u00e1poles, onde a paisagem est\u00e1 presa entre per\u00edodos de tempo e a rela\u00e7\u00e3o entre as pessoas e o lugar \u00e9 intuitiva, sentida,<\/p>","protected":false},"author":1,"featured_media":948,"comment_status":"closed","ping_status":"open","sticky":false,"template":"","format":"standard","meta":{"footnotes":""},"categories":[5],"tags":[],"class_list":["post-940","post","type-post","status-publish","format-standard","has-post-thumbnail","hentry","category-retrato"],"_links":{"self":[{"href":"https:\/\/908magazine.com.br\/en\/wp-json\/wp\/v2\/posts\/940","targetHints":{"allow":["GET"]}}],"collection":[{"href":"https:\/\/908magazine.com.br\/en\/wp-json\/wp\/v2\/posts"}],"about":[{"href":"https:\/\/908magazine.com.br\/en\/wp-json\/wp\/v2\/types\/post"}],"author":[{"embeddable":true,"href":"https:\/\/908magazine.com.br\/en\/wp-json\/wp\/v2\/users\/1"}],"replies":[{"embeddable":true,"href":"https:\/\/908magazine.com.br\/en\/wp-json\/wp\/v2\/comments?post=940"}],"version-history":[{"count":30,"href":"https:\/\/908magazine.com.br\/en\/wp-json\/wp\/v2\/posts\/940\/revisions"}],"predecessor-version":[{"id":1749,"href":"https:\/\/908magazine.com.br\/en\/wp-json\/wp\/v2\/posts\/940\/revisions\/1749"}],"wp:featuredmedia":[{"embeddable":true,"href":"https:\/\/908magazine.com.br\/en\/wp-json\/wp\/v2\/media\/948"}],"wp:attachment":[{"href":"https:\/\/908magazine.com.br\/en\/wp-json\/wp\/v2\/media?parent=940"}],"wp:term":[{"taxonomy":"category","embeddable":true,"href":"https:\/\/908magazine.com.br\/en\/wp-json\/wp\/v2\/categories?post=940"},{"taxonomy":"post_tag","embeddable":true,"href":"https:\/\/908magazine.com.br\/en\/wp-json\/wp\/v2\/tags?post=940"}],"curies":[{"name":"wp","href":"https:\/\/api.w.org\/{rel}","templated":true}]}}