{"id":394,"date":"2026-07-12T10:00:00","date_gmt":"2026-07-12T13:00:00","guid":{"rendered":"https:\/\/fox.withemes.com\/wild\/2021\/12\/17\/civibus-mea-eros-wisi-intellegam-quo-et\/"},"modified":"2026-08-20T22:05:04","modified_gmt":"2026-08-21T01:05:04","slug":"luana-fischer","status":"publish","type":"post","link":"https:\/\/908magazine.com.br\/en\/luana-fischer\/","title":{"rendered":"Luana Fischer"},"content":{"rendered":"<div style=\"height:0px\" aria-hidden=\"true\" class=\"wp-block-spacer\"><\/div>\n\n\n\n<p class=\"wp-block-paragraph\">An interrupted walk, a body that crosses the photograph. This monumental, central body seems to refuse the camera or\u2026 What does this image say? What can a portrait?<\/p>\n\n\n\n<p class=\"wp-block-paragraph\">There is something virtuous about this photograph, capable of capturing and returning our attention at the same time. I often thought about how to dialogue with this composition, trying to understand the modes of its construction. There were some clues to take a chance on: a stepped step in the middle of the walk; a diffuse and warm light that invades the deserted space and touches the body, accentuating the lilac of the <em>suit<\/em>, the opaque gold of short and thin hair, forming a dense penumbra on the wall. But it seemed insufficient to look at the image only by its formal slits.<\/p>\n\n\n\n<p class=\"wp-block-paragraph\">I then thought of the historical importance of the portrait, although this photograph destabilizes my convictions about this imposing genre of representation. The hidden face of the portrait is not always an honor at first sight. Still, a portrait can also be an exercise in presence, of itself and of its author.<\/p>\n\n\n\n<p class=\"wp-block-paragraph\">Therefore, I understood that it would be better to go back to the beginning, to think about the author within the construction of the image and ask myself: why would anyone let themselves be photographed on their backs? What does this place and its architecture try to impress on my perception of this character? So I decided to try an interview \u2014 or something that is worth it \u2014 to put into play some hypotheses for this writing. Luana agreed, and that profoundly changed my understanding of the essay.<\/p>\n\n\n\n<figure class=\"wp-block-gallery has-nested-images columns-default is-cropped wp-block-gallery-1 is-layout-flex wp-block-gallery-is-layout-flex\">\n<figure class=\"wp-block-image size-large is-style-default\"><a href=\"https:\/\/908magazine.com.br\/wp-content\/uploads\/2026\/01\/Huellas_Luana_Fischer07.jpg\"><img loading=\"lazy\" decoding=\"async\" width=\"1024\" height=\"683\" data-id=\"576\" src=\"https:\/\/908magazine.com.br\/wp-content\/uploads\/2026\/01\/Huellas_Luana_Fischer07-1024x683.jpg\" alt=\"\" class=\"wp-image-576\" style=\"aspect-ratio:3\/4\" srcset=\"https:\/\/908magazine.com.br\/wp-content\/uploads\/2026\/01\/Huellas_Luana_Fischer07-1024x683.jpg 1024w, https:\/\/908magazine.com.br\/wp-content\/uploads\/2026\/01\/Huellas_Luana_Fischer07-300x200.jpg 300w, https:\/\/908magazine.com.br\/wp-content\/uploads\/2026\/01\/Huellas_Luana_Fischer07-768x512.jpg 768w, https:\/\/908magazine.com.br\/wp-content\/uploads\/2026\/01\/Huellas_Luana_Fischer07-60x40.jpg 60w, https:\/\/908magazine.com.br\/wp-content\/uploads\/2026\/01\/Huellas_Luana_Fischer07-720x480.jpg 720w, https:\/\/908magazine.com.br\/wp-content\/uploads\/2026\/01\/Huellas_Luana_Fischer07.jpg 1200w\" sizes=\"auto, (max-width: 1024px) 100vw, 1024px\" \/><\/a><\/figure>\n\n\n\n<figure class=\"wp-block-image size-large\"><a href=\"https:\/\/908magazine.com.br\/wp-content\/uploads\/2026\/01\/Huellas_Luana_Fischer03.jpg\"><img loading=\"lazy\" decoding=\"async\" width=\"1024\" height=\"683\" data-id=\"575\" src=\"https:\/\/908magazine.com.br\/wp-content\/uploads\/2026\/01\/Huellas_Luana_Fischer03-1024x683.jpg\" alt=\"\" class=\"wp-image-575\" style=\"aspect-ratio:3\/4\" srcset=\"https:\/\/908magazine.com.br\/wp-content\/uploads\/2026\/01\/Huellas_Luana_Fischer03-1024x683.jpg 1024w, https:\/\/908magazine.com.br\/wp-content\/uploads\/2026\/01\/Huellas_Luana_Fischer03-300x200.jpg 300w, https:\/\/908magazine.com.br\/wp-content\/uploads\/2026\/01\/Huellas_Luana_Fischer03-768x512.jpg 768w, https:\/\/908magazine.com.br\/wp-content\/uploads\/2026\/01\/Huellas_Luana_Fischer03-60x40.jpg 60w, https:\/\/908magazine.com.br\/wp-content\/uploads\/2026\/01\/Huellas_Luana_Fischer03-720x480.jpg 720w, https:\/\/908magazine.com.br\/wp-content\/uploads\/2026\/01\/Huellas_Luana_Fischer03.jpg 1200w\" sizes=\"auto, (max-width: 1024px) 100vw, 1024px\" \/><\/a><\/figure>\n\n\n\n<figure class=\"wp-block-image size-large\"><a href=\"https:\/\/908magazine.com.br\/wp-content\/uploads\/2026\/01\/Huellas_Luana_Fischer10.jpg\"><img loading=\"lazy\" decoding=\"async\" width=\"1024\" height=\"683\" data-id=\"569\" src=\"https:\/\/908magazine.com.br\/wp-content\/uploads\/2026\/01\/Huellas_Luana_Fischer10-1024x683.jpg\" alt=\"\" class=\"wp-image-569\" style=\"aspect-ratio:3\/4\" srcset=\"https:\/\/908magazine.com.br\/wp-content\/uploads\/2026\/01\/Huellas_Luana_Fischer10-1024x683.jpg 1024w, https:\/\/908magazine.com.br\/wp-content\/uploads\/2026\/01\/Huellas_Luana_Fischer10-300x200.jpg 300w, https:\/\/908magazine.com.br\/wp-content\/uploads\/2026\/01\/Huellas_Luana_Fischer10-768x512.jpg 768w, https:\/\/908magazine.com.br\/wp-content\/uploads\/2026\/01\/Huellas_Luana_Fischer10-60x40.jpg 60w, https:\/\/908magazine.com.br\/wp-content\/uploads\/2026\/01\/Huellas_Luana_Fischer10-720x480.jpg 720w, https:\/\/908magazine.com.br\/wp-content\/uploads\/2026\/01\/Huellas_Luana_Fischer10.jpg 1200w\" sizes=\"auto, (max-width: 1024px) 100vw, 1024px\" \/><\/a><\/figure>\n<\/figure>\n\n\n\n<p class=\"wp-block-paragraph\">Luana Fischer iniciou sua trajet\u00f3ria como fot\u00f3grafa na d\u00e9cada de 1990, trabalhando como fotojornalista no Grupo Folha. Passou pela Folha da Manh\u00e3, pela Folha da Tarde, posteriormente incorporada \u00e0 Folha de S\u00e3o Paulo, e pelo conhecido Not\u00edcias Populares. Este \u00faltimo, o mesmo citado em <em>Homem na Estrada<\/em> (1993), do grupo Racionais MC &#8216;s, permitiu que Fischer vivenciasse de maneira intensa as din\u00e2micas sociais e as barreiras da cidade.<\/p>\n\n\n\n<p class=\"wp-block-paragraph\">Near the Folha de S\u00e3o Paulo building, on Rua Ana Cintra, its daily path was crossed by the occupation of the MTST \u2014 Movement of Homeless Workers \u2014 a decisive experience for its formation. Through coexistence, Fischer realized the strength of female leaders and the way in which the families constituted there affirmed their affective and community bonds.<\/p>\n\n\n\n<figure class=\"wp-block-gallery has-nested-images columns-default is-cropped wp-block-gallery-2 is-layout-flex wp-block-gallery-is-layout-flex\">\n<figure class=\"wp-block-image size-large\"><a href=\"https:\/\/908magazine.com.br\/wp-content\/uploads\/2026\/01\/Huellas_Luana_Fischer06.jpg\"><img loading=\"lazy\" decoding=\"async\" width=\"819\" height=\"1024\" data-id=\"570\" src=\"https:\/\/908magazine.com.br\/wp-content\/uploads\/2026\/01\/Huellas_Luana_Fischer06-819x1024.jpg\" alt=\"\" class=\"wp-image-570\" srcset=\"https:\/\/908magazine.com.br\/wp-content\/uploads\/2026\/01\/Huellas_Luana_Fischer06-819x1024.jpg 819w, https:\/\/908magazine.com.br\/wp-content\/uploads\/2026\/01\/Huellas_Luana_Fischer06-240x300.jpg 240w, https:\/\/908magazine.com.br\/wp-content\/uploads\/2026\/01\/Huellas_Luana_Fischer06-768x960.jpg 768w, https:\/\/908magazine.com.br\/wp-content\/uploads\/2026\/01\/Huellas_Luana_Fischer06-60x75.jpg 60w, https:\/\/908magazine.com.br\/wp-content\/uploads\/2026\/01\/Huellas_Luana_Fischer06-480x600.jpg 480w, https:\/\/908magazine.com.br\/wp-content\/uploads\/2026\/01\/Huellas_Luana_Fischer06.jpg 960w\" sizes=\"auto, (max-width: 819px) 100vw, 819px\" \/><\/a><\/figure>\n\n\n\n<figure class=\"wp-block-image size-large\"><a href=\"https:\/\/908magazine.com.br\/wp-content\/uploads\/2026\/01\/Huellas_Luana_Fischer11.jpg\"><img loading=\"lazy\" decoding=\"async\" width=\"819\" height=\"1024\" data-id=\"567\" src=\"https:\/\/908magazine.com.br\/wp-content\/uploads\/2026\/01\/Huellas_Luana_Fischer11-819x1024.jpg\" alt=\"\" class=\"wp-image-567\" srcset=\"https:\/\/908magazine.com.br\/wp-content\/uploads\/2026\/01\/Huellas_Luana_Fischer11-819x1024.jpg 819w, https:\/\/908magazine.com.br\/wp-content\/uploads\/2026\/01\/Huellas_Luana_Fischer11-240x300.jpg 240w, https:\/\/908magazine.com.br\/wp-content\/uploads\/2026\/01\/Huellas_Luana_Fischer11-768x960.jpg 768w, https:\/\/908magazine.com.br\/wp-content\/uploads\/2026\/01\/Huellas_Luana_Fischer11-60x75.jpg 60w, https:\/\/908magazine.com.br\/wp-content\/uploads\/2026\/01\/Huellas_Luana_Fischer11-480x600.jpg 480w, https:\/\/908magazine.com.br\/wp-content\/uploads\/2026\/01\/Huellas_Luana_Fischer11.jpg 960w\" sizes=\"auto, (max-width: 819px) 100vw, 819px\" \/><\/a><\/figure>\n\n\n\n<figure class=\"wp-block-image size-large\"><a href=\"https:\/\/908magazine.com.br\/wp-content\/uploads\/2026\/01\/Huellas_Luana_Fischer12.jpg\"><img loading=\"lazy\" decoding=\"async\" width=\"819\" height=\"1024\" data-id=\"568\" src=\"https:\/\/908magazine.com.br\/wp-content\/uploads\/2026\/01\/Huellas_Luana_Fischer12-819x1024.jpg\" alt=\"\" class=\"wp-image-568\" srcset=\"https:\/\/908magazine.com.br\/wp-content\/uploads\/2026\/01\/Huellas_Luana_Fischer12-819x1024.jpg 819w, https:\/\/908magazine.com.br\/wp-content\/uploads\/2026\/01\/Huellas_Luana_Fischer12-240x300.jpg 240w, https:\/\/908magazine.com.br\/wp-content\/uploads\/2026\/01\/Huellas_Luana_Fischer12-768x960.jpg 768w, https:\/\/908magazine.com.br\/wp-content\/uploads\/2026\/01\/Huellas_Luana_Fischer12-60x75.jpg 60w, https:\/\/908magazine.com.br\/wp-content\/uploads\/2026\/01\/Huellas_Luana_Fischer12-480x600.jpg 480w, https:\/\/908magazine.com.br\/wp-content\/uploads\/2026\/01\/Huellas_Luana_Fischer12.jpg 960w\" sizes=\"auto, (max-width: 819px) 100vw, 819px\" \/><\/a><\/figure>\n<\/figure>\n\n\n\n<p class=\"wp-block-paragraph\">Desde cedo, uma pergunta atravessa sua pr\u00e1tica:<\/p>\n\n\n\n<blockquote class=\"wp-block-quote is-layout-flow wp-block-quote-is-layout-flow\">\n<p class=\"wp-block-paragraph\">\u201cPor que e para que eu tiro fotos?\u201d<\/p>\n<\/blockquote>\n\n\n\n<p class=\"wp-block-paragraph\">De in\u00edcio, ainda no jornalismo, predominava a ideia de devolu\u00e7\u00e3o pela visibilidade p\u00fablica da imagem. Com o passar do tempo, essa certeza se dissolveu, e a fotografia passou a operar tamb\u00e9m como instrumento de reconstru\u00e7\u00e3o de identidades.<\/p>\n\n\n\n<p class=\"wp-block-paragraph\">Fischer retornava seguidamente \u00e0 ocupa\u00e7\u00e3o da Rua Ana Cintra, na capital paulista, presenteando os retratados com fotos impressas, gesto que refor\u00e7ava a natureza relacional e dependente do encontro em sua pr\u00e1tica. Posteriormente, expandiu sua atua\u00e7\u00e3o para a fotografia comercial e de moda, conciliando exig\u00eancias t\u00e9cnicas com suas inquieta\u00e7\u00f5es sobre representa\u00e7\u00e3o e presen\u00e7a.<\/p>\n\n\n\n<p class=\"wp-block-paragraph\">Em 2024, na resid\u00eancia Collegium em Ar\u00e9valo, Espanha, Fischer aprofundou seu interesse pelo retrato de mulheres com mais de 60 anos, observadas em bingos locais. Sua pesquisa, tanto na resid\u00eancia quanto em seu doutorado, foca na representa\u00e7\u00e3o de grupos historicamente marginalizados, como mulheres e pessoas com diversidade mental. Foi em \u00c1vila que encontrou dados e bibliografia confirmando as mulheres do bingo entre as menos representadas em sua pr\u00f3pria regi\u00e3o.<\/p>\n\n\n\n<figure class=\"wp-block-image size-large\"><img loading=\"lazy\" decoding=\"async\" width=\"1024\" height=\"768\" src=\"https:\/\/908magazine.com.br\/wp-content\/uploads\/2026\/01\/Huellas_Luana_Fischer08-1024x768.jpg\" alt=\"\" class=\"wp-image-571\" srcset=\"https:\/\/908magazine.com.br\/wp-content\/uploads\/2026\/01\/Huellas_Luana_Fischer08-1024x768.jpg 1024w, https:\/\/908magazine.com.br\/wp-content\/uploads\/2026\/01\/Huellas_Luana_Fischer08-300x225.jpg 300w, https:\/\/908magazine.com.br\/wp-content\/uploads\/2026\/01\/Huellas_Luana_Fischer08-768x576.jpg 768w, https:\/\/908magazine.com.br\/wp-content\/uploads\/2026\/01\/Huellas_Luana_Fischer08-60x45.jpg 60w, https:\/\/908magazine.com.br\/wp-content\/uploads\/2026\/01\/Huellas_Luana_Fischer08.jpg 1200w\" sizes=\"auto, (max-width: 1024px) 100vw, 1024px\" \/><\/figure>\n\n\n\n<p class=\"has-medium-font-size wp-block-paragraph\">Em seu doutorado, explora as rela\u00e7\u00f5es entre retrato, documenta\u00e7\u00e3o e \u00e9tica, baseando-se em autores como Allan Sekula, Georges Didi-Huberman e John Tagg. Fischer discute a dicotomia entre o retrato honor\u00edfico e o retrato repressivo proposta por Sekula. Enquanto determinados sujeitos foram fotografados para celebra\u00e7\u00e3o e perman\u00eancia, outros foram enquadrados para vigil\u00e2ncia, classifica\u00e7\u00e3o e controle: pacientes psiqui\u00e1tricos, pessoas racializadas, pessoas com defici\u00eancia, trabalhadores pobres, indiv\u00edduos criminalizados, entre outros. Em muitos desses casos, os retratados n\u00e3o possu\u00edam qualquer ag\u00eancia sobre suas pr\u00f3prias imagens.<\/p>\n\n\n\n<p class=\"has-medium-font-size wp-block-paragraph\"><strong>The place, word and trail<\/strong><\/p>\n\n\n\n<p class=\"wp-block-paragraph\">A escolha do local da resid\u00eancia n\u00e3o \u00e9 acidental: trata-se de um antigo col\u00e9gio jesu\u00edta do s\u00e9culo XVI, erguido para a forma\u00e7\u00e3o masculina e marcado por s\u00e9culos de exclus\u00e3o feminina. Mais do que cen\u00e1rio, o espa\u00e7o atua como elemento ativo na imagem e na rela\u00e7\u00e3o com a personagem. Nas fotografias de Fischer, essa arquitetura \u00e9 fundamental na constru\u00e7\u00e3o dos v\u00ednculos e na reconstitui\u00e7\u00e3o simb\u00f3lica dos sujeitos retratados.&nbsp;<\/p>\n\n\n\n<p class=\"has-medium-font-size wp-block-paragraph\">Fischer discute o t\u00edtulo do ensaio, <em>huella<\/em> (pegadas), articulando rastros espaciais com a semi\u00f3tica da fotografia como \u00edndice e vest\u00edgio luminoso. Contudo, resiste \u00e0 leitura mec\u00e2nica da imagem, insistindo na experi\u00eancia compartilhada. Essa perspectiva remete \u00e0s reflex\u00f5es de Jeanne Marie Gagnebin em \u201cLembrar escrever esquecer\u201d: o rastro mant\u00e9m a \u201cpresen\u00e7a do ausente e a aus\u00eancia da presen\u00e7a\u201d, sendo menos uma perman\u00eancia plena do que o resto de uma passagem, sempre amea\u00e7ado pelo desaparecimento.<\/p>\n\n\n\n<figure class=\"wp-block-gallery has-nested-images columns-default is-cropped wp-block-gallery-3 is-layout-flex wp-block-gallery-is-layout-flex\">\n<figure class=\"wp-block-image size-large\"><img loading=\"lazy\" decoding=\"async\" width=\"768\" height=\"1024\" data-id=\"578\" src=\"https:\/\/908magazine.com.br\/wp-content\/uploads\/2026\/01\/Huellas_Luana_Fischer01-768x1024.jpg\" alt=\"\" class=\"wp-image-578\" srcset=\"https:\/\/908magazine.com.br\/wp-content\/uploads\/2026\/01\/Huellas_Luana_Fischer01-768x1024.jpg 768w, https:\/\/908magazine.com.br\/wp-content\/uploads\/2026\/01\/Huellas_Luana_Fischer01-225x300.jpg 225w, https:\/\/908magazine.com.br\/wp-content\/uploads\/2026\/01\/Huellas_Luana_Fischer01-60x80.jpg 60w, https:\/\/908magazine.com.br\/wp-content\/uploads\/2026\/01\/Huellas_Luana_Fischer01.jpg 900w\" sizes=\"auto, (max-width: 768px) 100vw, 768px\" \/><\/figure>\n\n\n\n<figure class=\"wp-block-image size-large\"><img loading=\"lazy\" decoding=\"async\" width=\"819\" height=\"1024\" data-id=\"577\" src=\"https:\/\/908magazine.com.br\/wp-content\/uploads\/2026\/01\/Huellas_Luana_Fischer04-819x1024.jpg\" alt=\"\" class=\"wp-image-577\" srcset=\"https:\/\/908magazine.com.br\/wp-content\/uploads\/2026\/01\/Huellas_Luana_Fischer04-819x1024.jpg 819w, https:\/\/908magazine.com.br\/wp-content\/uploads\/2026\/01\/Huellas_Luana_Fischer04-240x300.jpg 240w, https:\/\/908magazine.com.br\/wp-content\/uploads\/2026\/01\/Huellas_Luana_Fischer04-768x960.jpg 768w, https:\/\/908magazine.com.br\/wp-content\/uploads\/2026\/01\/Huellas_Luana_Fischer04-60x75.jpg 60w, https:\/\/908magazine.com.br\/wp-content\/uploads\/2026\/01\/Huellas_Luana_Fischer04-480x600.jpg 480w, https:\/\/908magazine.com.br\/wp-content\/uploads\/2026\/01\/Huellas_Luana_Fischer04.jpg 960w\" sizes=\"auto, (max-width: 819px) 100vw, 819px\" \/><\/figure>\n\n\n\n<figure class=\"wp-block-image size-large\"><img loading=\"lazy\" decoding=\"async\" width=\"819\" height=\"1024\" data-id=\"574\" src=\"https:\/\/908magazine.com.br\/wp-content\/uploads\/2026\/01\/Huellas_Luana_Fischer05-819x1024.jpg\" alt=\"\" class=\"wp-image-574\" srcset=\"https:\/\/908magazine.com.br\/wp-content\/uploads\/2026\/01\/Huellas_Luana_Fischer05-819x1024.jpg 819w, https:\/\/908magazine.com.br\/wp-content\/uploads\/2026\/01\/Huellas_Luana_Fischer05-240x300.jpg 240w, https:\/\/908magazine.com.br\/wp-content\/uploads\/2026\/01\/Huellas_Luana_Fischer05-768x960.jpg 768w, https:\/\/908magazine.com.br\/wp-content\/uploads\/2026\/01\/Huellas_Luana_Fischer05-60x75.jpg 60w, https:\/\/908magazine.com.br\/wp-content\/uploads\/2026\/01\/Huellas_Luana_Fischer05-480x600.jpg 480w, https:\/\/908magazine.com.br\/wp-content\/uploads\/2026\/01\/Huellas_Luana_Fischer05.jpg 960w\" sizes=\"auto, (max-width: 819px) 100vw, 819px\" \/><\/figure>\n<\/figure>\n\n\n\n<p class=\"wp-block-paragraph\">A hist\u00f3ria do retrato sempre esteve ligada \u00e0 ideia de perman\u00eancia e fixidez. Retratar algu\u00e9m significava inscrev\u00ea-lo no tempo, produzir mem\u00f3ria e conferir presen\u00e7a p\u00fablica. Mas a fotografia herdou tamb\u00e9m as viol\u00eancias desse sistema, como identifica Allan Sekula na dicotomia entre retrato honor\u00edfico e repressivo.&nbsp; em \u201cO corpo e o arquivo\u201d, existe uma divis\u00e3o hist\u00f3rica entre o retrato honor\u00edfico e o retrato repressivo. Frente a isso, o ensaio de Fischer opera como um gesto de resist\u00eancia, uma vez que suas imagens n\u00e3o buscam a captura integral do outro, mas interessam-se pelo que escapa.&nbsp;<\/p>\n\n\n\n<p class=\"wp-block-paragraph\">Portanto, a d\u00favida &#8220;Por que algu\u00e9m se deixaria fotografar de costas?&#8221; revela a ag\u00eancia de Concha, a pessoa retratada. Sua monumentalidade n\u00e3o nasce da imposi\u00e7\u00e3o da c\u00e2mera, mas de uma escolha de perman\u00eancia parcialmente acess\u00edvel, em di\u00e1logo. Concha escolhe parar diante da luz secular da antiga escola e Fischer, por sua vez, sustenta esse gesto com seu olhar experimentado.&nbsp;<\/p>\n\n\n\n<p class=\"wp-block-paragraph\">Talvez seja justamente a\u00ed que a fotografia cumpra seu intento vital: celebrar a mem\u00f3ria de Concha e a lealdade de Fischer em criar rastros indel\u00e9veis.<\/p>\n\n\n\n<p class=\"has-small-font-size wp-block-paragraph\"><br>Sobre a fot\u00f3grafa:<br><strong>Luana Fischer<\/strong> \u00e9 fot\u00f3grafa e artista visual, nascida no Brasil e residente em Madrid h\u00e1 mais de 20 anos. Seus projetos fotogr\u00e1ficos se articulam principalmente em torno dos ciclos da natureza, da paisagem e do corpo feminino.<br><br>Sobre a autora:<br><strong>Horrana de K\u00e1ssia Santoz<\/strong> \u00e9 curadora junto \u00e0 Diretoria Art\u00edstica do Instituto Moreira Salles (IMS) e educadora formada em Artes Visuais (UFES). \u00c9 especialista em Gest\u00e3o Cultural (CPF Sesc SP) e possui MBA em Gest\u00e3o de Museus e Inova\u00e7\u00e3o (Expomus). <\/p>\n\n\n\n<p class=\"wp-block-paragraph\"><\/p>","protected":false},"excerpt":{"rendered":"<p>Uma caminhada interrompida, um corpo que atravessa a fotografia. Esse corpo monumental, central, parece recusar a c\u00e2mera ou\u2026 O que essa imagem diz? O que pode um retrato? H\u00e1 algo de virtuoso nessa fotografia, capaz de capturar e devolver nossa aten\u00e7\u00e3o ao mesmo tempo. Pensei muitas vezes em como dialogar com essa composi\u00e7\u00e3o, tentando compreender os modos de sua constru\u00e7\u00e3o. Havia algumas pistas para arriscar: um passo suspenso no meio da caminhada; uma luz difusa e quente que invade o espa\u00e7o ermo e toca o corpo, acentuando o lil\u00e1s do tailleur, o dourado opaco dos cabelos curtos e ralos, formando<\/p>","protected":false},"author":1,"featured_media":578,"comment_status":"closed","ping_status":"open","sticky":false,"template":"","format":"standard","meta":{"footnotes":""},"categories":[5],"tags":[10,12,13,14,21],"class_list":["post-394","post","type-post","status-publish","format-standard","has-post-thumbnail","hentry","category-retrato","tag-art","tag-culture","tag-fashion","tag-film","tag-wordpress"],"_links":{"self":[{"href":"https:\/\/908magazine.com.br\/en\/wp-json\/wp\/v2\/posts\/394","targetHints":{"allow":["GET"]}}],"collection":[{"href":"https:\/\/908magazine.com.br\/en\/wp-json\/wp\/v2\/posts"}],"about":[{"href":"https:\/\/908magazine.com.br\/en\/wp-json\/wp\/v2\/types\/post"}],"author":[{"embeddable":true,"href":"https:\/\/908magazine.com.br\/en\/wp-json\/wp\/v2\/users\/1"}],"replies":[{"embeddable":true,"href":"https:\/\/908magazine.com.br\/en\/wp-json\/wp\/v2\/comments?post=394"}],"version-history":[{"count":34,"href":"https:\/\/908magazine.com.br\/en\/wp-json\/wp\/v2\/posts\/394\/revisions"}],"predecessor-version":[{"id":1551,"href":"https:\/\/908magazine.com.br\/en\/wp-json\/wp\/v2\/posts\/394\/revisions\/1551"}],"wp:featuredmedia":[{"embeddable":true,"href":"https:\/\/908magazine.com.br\/en\/wp-json\/wp\/v2\/media\/578"}],"wp:attachment":[{"href":"https:\/\/908magazine.com.br\/en\/wp-json\/wp\/v2\/media?parent=394"}],"wp:term":[{"taxonomy":"category","embeddable":true,"href":"https:\/\/908magazine.com.br\/en\/wp-json\/wp\/v2\/categories?post=394"},{"taxonomy":"post_tag","embeddable":true,"href":"https:\/\/908magazine.com.br\/en\/wp-json\/wp\/v2\/tags?post=394"}],"curies":[{"name":"wp","href":"https:\/\/api.w.org\/{rel}","templated":true}]}}