{"id":1664,"date":"2026-08-20T00:26:00","date_gmt":"2026-08-20T03:26:00","guid":{"rendered":"https:\/\/908magazine.com.br\/?p=1664"},"modified":"2026-08-20T13:16:26","modified_gmt":"2026-08-20T16:16:26","slug":"gustavo-gusmao","status":"publish","type":"post","link":"https:\/\/908magazine.com.br\/en\/gustavo-gusmao\/","title":{"rendered":"Gustavo Gusma\u0303o"},"content":{"rendered":"<p class=\"wp-block-paragraph\">Prefixo \u201cRe\u201d<\/p>\n\n\n\n<p class=\"wp-block-paragraph\">1.<\/p>\n\n\n\n<p class=\"wp-block-paragraph\">\u2018repeti\u00e7\u00e3o\u2019: reafirmar;<\/p>\n\n\n\n<p class=\"wp-block-paragraph\">2.<\/p>\n\n\n\n<p class=\"wp-block-paragraph\">\u2018retrocesso, recuo\u2019: recorrer;<\/p>\n\n\n\n<p class=\"wp-block-paragraph\">3.<\/p>\n\n\n\n<p class=\"wp-block-paragraph\">\u2018sentido contr\u00e1rio\u2019: reagir.<\/p>\n\n\n\n<p class=\"wp-block-paragraph\">Adjetivo \u201cRetinto\u201d<\/p>\n\n\n\n<p class=\"wp-block-paragraph\">Que tem cor carregada<\/p>\n\n\n\n<p class=\"wp-block-paragraph\">Muito intensa e escura:<\/p>\n\n\n\n<figure class=\"wp-block-gallery has-nested-images columns-default is-cropped wp-block-gallery-1 is-layout-flex wp-block-gallery-is-layout-flex\">\n<figure class=\"wp-block-image size-large\"><img loading=\"lazy\" decoding=\"async\" width=\"1024\" height=\"683\" data-id=\"1666\" src=\"https:\/\/908magazine.com.br\/wp-content\/uploads\/2026\/08\/1-1024x683.jpg\" alt=\"\" class=\"wp-image-1666\" srcset=\"https:\/\/908magazine.com.br\/wp-content\/uploads\/2026\/08\/1-1024x683.jpg 1024w, https:\/\/908magazine.com.br\/wp-content\/uploads\/2026\/08\/1-300x200.jpg 300w, https:\/\/908magazine.com.br\/wp-content\/uploads\/2026\/08\/1-768x512.jpg 768w, https:\/\/908magazine.com.br\/wp-content\/uploads\/2026\/08\/1-18x12.jpg 18w, https:\/\/908magazine.com.br\/wp-content\/uploads\/2026\/08\/1-60x40.jpg 60w, https:\/\/908magazine.com.br\/wp-content\/uploads\/2026\/08\/1-720x480.jpg 720w, https:\/\/908magazine.com.br\/wp-content\/uploads\/2026\/08\/1.jpg 1500w\" sizes=\"auto, (max-width: 1024px) 100vw, 1024px\" \/><\/figure>\n\n\n\n<figure class=\"wp-block-image size-large\"><img loading=\"lazy\" decoding=\"async\" width=\"1024\" height=\"683\" data-id=\"1667\" src=\"https:\/\/908magazine.com.br\/wp-content\/uploads\/2026\/08\/4-1024x683.jpg\" alt=\"\" class=\"wp-image-1667\" srcset=\"https:\/\/908magazine.com.br\/wp-content\/uploads\/2026\/08\/4-1024x683.jpg 1024w, https:\/\/908magazine.com.br\/wp-content\/uploads\/2026\/08\/4-300x200.jpg 300w, https:\/\/908magazine.com.br\/wp-content\/uploads\/2026\/08\/4-768x512.jpg 768w, https:\/\/908magazine.com.br\/wp-content\/uploads\/2026\/08\/4-18x12.jpg 18w, https:\/\/908magazine.com.br\/wp-content\/uploads\/2026\/08\/4-60x40.jpg 60w, https:\/\/908magazine.com.br\/wp-content\/uploads\/2026\/08\/4-720x480.jpg 720w, https:\/\/908magazine.com.br\/wp-content\/uploads\/2026\/08\/4.jpg 1500w\" sizes=\"auto, (max-width: 1024px) 100vw, 1024px\" \/><\/figure>\n<\/figure>\n\n\n\n<figure class=\"wp-block-image size-large\"><img loading=\"lazy\" decoding=\"async\" width=\"1024\" height=\"683\" src=\"https:\/\/908magazine.com.br\/wp-content\/uploads\/2026\/08\/5-1024x683.jpg\" alt=\"\" class=\"wp-image-1668\" srcset=\"https:\/\/908magazine.com.br\/wp-content\/uploads\/2026\/08\/5-1024x683.jpg 1024w, https:\/\/908magazine.com.br\/wp-content\/uploads\/2026\/08\/5-300x200.jpg 300w, https:\/\/908magazine.com.br\/wp-content\/uploads\/2026\/08\/5-768x512.jpg 768w, https:\/\/908magazine.com.br\/wp-content\/uploads\/2026\/08\/5-18x12.jpg 18w, https:\/\/908magazine.com.br\/wp-content\/uploads\/2026\/08\/5-60x40.jpg 60w, https:\/\/908magazine.com.br\/wp-content\/uploads\/2026\/08\/5-720x480.jpg 720w, https:\/\/908magazine.com.br\/wp-content\/uploads\/2026\/08\/5.jpg 1500w\" sizes=\"auto, (max-width: 1024px) 100vw, 1024px\" \/><\/figure>\n\n\n\n<p class=\"wp-block-paragraph\">Vemos uma S\u00e3o Paulo cada vez mais marcada por quest\u00f5es imigrat\u00f3rias e realidades paralelas que habitam nosso cotidiano. H\u00e1 anos venho tentando traduzir as imigra\u00e7\u00f5es e os espa\u00e7os de transi\u00e7\u00e3o, cujos personagens, independentes de suas origens, transitam deixando tra\u00e7os de uma mem\u00f3ria coletiva em transforma\u00e7\u00e3o ou simbolismos \u00e9tnicos de um tempo que parece ter ficado no passado. Pessoas cujo objetivo muitas vezes est\u00e1 somente no destino indefinido e muitas vezes condicionados a ocupa\u00e7\u00f5es urbanas, partindo do seu pr\u00f3prio \u00eaxodo pessoal em uma peregrina\u00e7\u00e3o por uma vida melhor.<\/p>\n\n\n\n<figure class=\"wp-block-gallery has-nested-images columns-default is-cropped wp-block-gallery-2 is-layout-flex wp-block-gallery-is-layout-flex\">\n<figure class=\"wp-block-image size-large\"><img loading=\"lazy\" decoding=\"async\" width=\"1024\" height=\"683\" data-id=\"1669\" src=\"https:\/\/908magazine.com.br\/wp-content\/uploads\/2026\/08\/8-1024x683.jpg\" alt=\"\" class=\"wp-image-1669\" srcset=\"https:\/\/908magazine.com.br\/wp-content\/uploads\/2026\/08\/8-1024x683.jpg 1024w, https:\/\/908magazine.com.br\/wp-content\/uploads\/2026\/08\/8-300x200.jpg 300w, https:\/\/908magazine.com.br\/wp-content\/uploads\/2026\/08\/8-768x512.jpg 768w, https:\/\/908magazine.com.br\/wp-content\/uploads\/2026\/08\/8-18x12.jpg 18w, https:\/\/908magazine.com.br\/wp-content\/uploads\/2026\/08\/8-60x40.jpg 60w, https:\/\/908magazine.com.br\/wp-content\/uploads\/2026\/08\/8-720x480.jpg 720w, https:\/\/908magazine.com.br\/wp-content\/uploads\/2026\/08\/8.jpg 1500w\" sizes=\"auto, (max-width: 1024px) 100vw, 1024px\" \/><\/figure>\n\n\n\n<figure class=\"wp-block-image size-large\"><img loading=\"lazy\" decoding=\"async\" width=\"1024\" height=\"683\" data-id=\"1671\" src=\"https:\/\/908magazine.com.br\/wp-content\/uploads\/2026\/08\/10-1024x683.jpg\" alt=\"\" class=\"wp-image-1671\" srcset=\"https:\/\/908magazine.com.br\/wp-content\/uploads\/2026\/08\/10-1024x683.jpg 1024w, https:\/\/908magazine.com.br\/wp-content\/uploads\/2026\/08\/10-300x200.jpg 300w, https:\/\/908magazine.com.br\/wp-content\/uploads\/2026\/08\/10-768x512.jpg 768w, https:\/\/908magazine.com.br\/wp-content\/uploads\/2026\/08\/10-18x12.jpg 18w, https:\/\/908magazine.com.br\/wp-content\/uploads\/2026\/08\/10-60x40.jpg 60w, https:\/\/908magazine.com.br\/wp-content\/uploads\/2026\/08\/10-720x480.jpg 720w, https:\/\/908magazine.com.br\/wp-content\/uploads\/2026\/08\/10.jpg 1500w\" sizes=\"auto, (max-width: 1024px) 100vw, 1024px\" \/><\/figure>\n\n\n\n<figure class=\"wp-block-image size-large\"><img loading=\"lazy\" decoding=\"async\" width=\"1024\" height=\"683\" data-id=\"1670\" src=\"https:\/\/908magazine.com.br\/wp-content\/uploads\/2026\/08\/11-1024x683.jpg\" alt=\"\" class=\"wp-image-1670\" srcset=\"https:\/\/908magazine.com.br\/wp-content\/uploads\/2026\/08\/11-1024x683.jpg 1024w, https:\/\/908magazine.com.br\/wp-content\/uploads\/2026\/08\/11-300x200.jpg 300w, https:\/\/908magazine.com.br\/wp-content\/uploads\/2026\/08\/11-768x512.jpg 768w, https:\/\/908magazine.com.br\/wp-content\/uploads\/2026\/08\/11-18x12.jpg 18w, https:\/\/908magazine.com.br\/wp-content\/uploads\/2026\/08\/11-60x40.jpg 60w, https:\/\/908magazine.com.br\/wp-content\/uploads\/2026\/08\/11-720x480.jpg 720w, https:\/\/908magazine.com.br\/wp-content\/uploads\/2026\/08\/11.jpg 1500w\" sizes=\"auto, (max-width: 1024px) 100vw, 1024px\" \/><\/figure>\n<\/figure>\n\n\n\n<figure class=\"wp-block-image size-large\"><img loading=\"lazy\" decoding=\"async\" width=\"1024\" height=\"683\" src=\"https:\/\/908magazine.com.br\/wp-content\/uploads\/2026\/08\/14-1024x683.jpg\" alt=\"\" class=\"wp-image-1672\" srcset=\"https:\/\/908magazine.com.br\/wp-content\/uploads\/2026\/08\/14-1024x683.jpg 1024w, https:\/\/908magazine.com.br\/wp-content\/uploads\/2026\/08\/14-300x200.jpg 300w, https:\/\/908magazine.com.br\/wp-content\/uploads\/2026\/08\/14-768x512.jpg 768w, https:\/\/908magazine.com.br\/wp-content\/uploads\/2026\/08\/14-18x12.jpg 18w, https:\/\/908magazine.com.br\/wp-content\/uploads\/2026\/08\/14-60x40.jpg 60w, https:\/\/908magazine.com.br\/wp-content\/uploads\/2026\/08\/14-720x480.jpg 720w, https:\/\/908magazine.com.br\/wp-content\/uploads\/2026\/08\/14.jpg 1500w\" sizes=\"auto, (max-width: 1024px) 100vw, 1024px\" \/><\/figure>\n\n\n\n<p class=\"wp-block-paragraph\">Retintos em sua origem, imigrantes africanos(as) ocupam dezenas de pr\u00e9dios na maior metr\u00f3pole da Am\u00e9rica Latina. Em um lugar onde a transitoriedade \u00e9 o estado permanente, in\u00fameras hist\u00f3rias negras se cruzam nessa zona de exclus\u00e3o no centro da cidade. S\u00e3o pr\u00e9dios abandonados, esquecidos pelo capital imobili\u00e1rio e pelo poder p\u00fablico, e que passam a ser preenchidos por aqueles que, de outra forma, n\u00e3o teriam onde se estabelecer.<\/p>\n\n\n\n<figure class=\"wp-block-image size-large\"><img loading=\"lazy\" decoding=\"async\" width=\"1024\" height=\"683\" src=\"https:\/\/908magazine.com.br\/wp-content\/uploads\/2026\/08\/23-1024x683.jpg\" alt=\"\" class=\"wp-image-1673\" srcset=\"https:\/\/908magazine.com.br\/wp-content\/uploads\/2026\/08\/23-1024x683.jpg 1024w, https:\/\/908magazine.com.br\/wp-content\/uploads\/2026\/08\/23-300x200.jpg 300w, https:\/\/908magazine.com.br\/wp-content\/uploads\/2026\/08\/23-768x512.jpg 768w, https:\/\/908magazine.com.br\/wp-content\/uploads\/2026\/08\/23-18x12.jpg 18w, https:\/\/908magazine.com.br\/wp-content\/uploads\/2026\/08\/23-60x40.jpg 60w, https:\/\/908magazine.com.br\/wp-content\/uploads\/2026\/08\/23-720x480.jpg 720w, https:\/\/908magazine.com.br\/wp-content\/uploads\/2026\/08\/23.jpg 1500w\" sizes=\"auto, (max-width: 1024px) 100vw, 1024px\" \/><\/figure>\n\n\n\n<figure class=\"wp-block-gallery has-nested-images columns-default is-cropped wp-block-gallery-3 is-layout-flex wp-block-gallery-is-layout-flex\">\n<figure class=\"wp-block-image size-large\"><img loading=\"lazy\" decoding=\"async\" width=\"1024\" height=\"683\" data-id=\"1674\" src=\"https:\/\/908magazine.com.br\/wp-content\/uploads\/2026\/08\/30-1024x683.jpg\" alt=\"\" class=\"wp-image-1674\" srcset=\"https:\/\/908magazine.com.br\/wp-content\/uploads\/2026\/08\/30-1024x683.jpg 1024w, https:\/\/908magazine.com.br\/wp-content\/uploads\/2026\/08\/30-300x200.jpg 300w, https:\/\/908magazine.com.br\/wp-content\/uploads\/2026\/08\/30-768x512.jpg 768w, https:\/\/908magazine.com.br\/wp-content\/uploads\/2026\/08\/30-18x12.jpg 18w, https:\/\/908magazine.com.br\/wp-content\/uploads\/2026\/08\/30-60x40.jpg 60w, https:\/\/908magazine.com.br\/wp-content\/uploads\/2026\/08\/30-720x480.jpg 720w, https:\/\/908magazine.com.br\/wp-content\/uploads\/2026\/08\/30.jpg 1500w\" sizes=\"auto, (max-width: 1024px) 100vw, 1024px\" \/><\/figure>\n<\/figure>\n\n\n\n<p class=\"wp-block-paragraph\"><em>Re-Tinto<\/em> \u00e9 a presen\u00e7a incontest\u00e1vel dos que habitam a fronteira da exclus\u00e3o, a linha t\u00eanue entre a exist\u00eancia e o esquecimento. \u00c9 a cor que se imp\u00f5e, que n\u00e3o se dilui. As sombras de uma di\u00e1spora em eterna evid\u00eancia, de uma hist\u00f3ria que n\u00e3o pode ser removida, esquecida ou deportada. Um testemunho da perman\u00eancia de um povo marcado por repeti\u00e7\u00f5es e apagamento de sua pr\u00f3pria hist\u00f3ria, sob os muros de uma cidade que repete ciclos de exclus\u00e3o.<\/p>\n\n\n\n<figure class=\"wp-block-gallery has-nested-images columns-default is-cropped wp-block-gallery-4 is-layout-flex wp-block-gallery-is-layout-flex\">\n<figure class=\"wp-block-image size-large\"><img loading=\"lazy\" decoding=\"async\" width=\"1024\" height=\"693\" data-id=\"1675\" src=\"https:\/\/908magazine.com.br\/wp-content\/uploads\/2026\/08\/32-1024x693.jpg\" alt=\"\" class=\"wp-image-1675\" srcset=\"https:\/\/908magazine.com.br\/wp-content\/uploads\/2026\/08\/32-1024x693.jpg 1024w, https:\/\/908magazine.com.br\/wp-content\/uploads\/2026\/08\/32-300x203.jpg 300w, https:\/\/908magazine.com.br\/wp-content\/uploads\/2026\/08\/32-768x520.jpg 768w, https:\/\/908magazine.com.br\/wp-content\/uploads\/2026\/08\/32-18x12.jpg 18w, https:\/\/908magazine.com.br\/wp-content\/uploads\/2026\/08\/32-60x41.jpg 60w, https:\/\/908magazine.com.br\/wp-content\/uploads\/2026\/08\/32.jpg 1500w\" sizes=\"auto, (max-width: 1024px) 100vw, 1024px\" \/><\/figure>\n\n\n\n<figure class=\"wp-block-image size-large\"><img loading=\"lazy\" decoding=\"async\" width=\"1024\" height=\"683\" data-id=\"1676\" src=\"https:\/\/908magazine.com.br\/wp-content\/uploads\/2026\/08\/38-1024x683.jpg\" alt=\"\" class=\"wp-image-1676\" srcset=\"https:\/\/908magazine.com.br\/wp-content\/uploads\/2026\/08\/38-1024x683.jpg 1024w, https:\/\/908magazine.com.br\/wp-content\/uploads\/2026\/08\/38-300x200.jpg 300w, https:\/\/908magazine.com.br\/wp-content\/uploads\/2026\/08\/38-768x512.jpg 768w, https:\/\/908magazine.com.br\/wp-content\/uploads\/2026\/08\/38-18x12.jpg 18w, https:\/\/908magazine.com.br\/wp-content\/uploads\/2026\/08\/38-60x40.jpg 60w, https:\/\/908magazine.com.br\/wp-content\/uploads\/2026\/08\/38-720x480.jpg 720w, https:\/\/908magazine.com.br\/wp-content\/uploads\/2026\/08\/38.jpg 1500w\" sizes=\"auto, (max-width: 1024px) 100vw, 1024px\" \/><\/figure>\n<\/figure>\n\n\n\n<p class=\"has-small-font-size wp-block-paragraph\">Sobre o fot\u00f3grafo:<br><strong>Gustavo Gusm\u00e3o<\/strong> tem direcionado seu trabalho art\u00edstico para a investiga\u00e7\u00e3o de temas ligados \u00e0 marginaliza\u00e7\u00e3o e \u00e0 rela\u00e7\u00e3o entre os indiv\u00edduos e os espa\u00e7os que habitam. Tem forma\u00e7\u00e3o e \u00e9 mestre em Cinema Documental.<\/p>","protected":false},"excerpt":{"rendered":"<p>Prefixo \u201cRe\u201d 1. \u2018repeti\u00e7\u00e3o\u2019: reafirmar; 2. \u2018retrocesso, recuo\u2019: recorrer; 3. \u2018sentido contr\u00e1rio\u2019: reagir. Adjetivo \u201cRetinto\u201d Que tem cor carregada Muito intensa e escura: Vemos uma S\u00e3o Paulo cada vez mais marcada por quest\u00f5es imigrat\u00f3rias e realidades paralelas que habitam nosso cotidiano. H\u00e1 anos venho tentando traduzir as imigra\u00e7\u00f5es e os espa\u00e7os de transi\u00e7\u00e3o, cujos personagens, independentes de suas origens, transitam deixando tra\u00e7os de uma mem\u00f3ria coletiva em transforma\u00e7\u00e3o ou simbolismos \u00e9tnicos de um tempo que parece ter ficado no passado. Pessoas cujo objetivo muitas vezes est\u00e1 somente no destino indefinido e muitas vezes condicionados a ocupa\u00e7\u00f5es urbanas, partindo do seu<\/p>","protected":false},"author":1,"featured_media":1665,"comment_status":"closed","ping_status":"open","sticky":false,"template":"","format":"standard","meta":{"footnotes":""},"categories":[28,31],"tags":[],"class_list":["post-1664","post","type-post","status-publish","format-standard","has-post-thumbnail","hentry","category-documentario","category-foto-reportagem"],"_links":{"self":[{"href":"https:\/\/908magazine.com.br\/en\/wp-json\/wp\/v2\/posts\/1664","targetHints":{"allow":["GET"]}}],"collection":[{"href":"https:\/\/908magazine.com.br\/en\/wp-json\/wp\/v2\/posts"}],"about":[{"href":"https:\/\/908magazine.com.br\/en\/wp-json\/wp\/v2\/types\/post"}],"author":[{"embeddable":true,"href":"https:\/\/908magazine.com.br\/en\/wp-json\/wp\/v2\/users\/1"}],"replies":[{"embeddable":true,"href":"https:\/\/908magazine.com.br\/en\/wp-json\/wp\/v2\/comments?post=1664"}],"version-history":[{"count":4,"href":"https:\/\/908magazine.com.br\/en\/wp-json\/wp\/v2\/posts\/1664\/revisions"}],"predecessor-version":[{"id":1777,"href":"https:\/\/908magazine.com.br\/en\/wp-json\/wp\/v2\/posts\/1664\/revisions\/1777"}],"wp:featuredmedia":[{"embeddable":true,"href":"https:\/\/908magazine.com.br\/en\/wp-json\/wp\/v2\/media\/1665"}],"wp:attachment":[{"href":"https:\/\/908magazine.com.br\/en\/wp-json\/wp\/v2\/media?parent=1664"}],"wp:term":[{"taxonomy":"category","embeddable":true,"href":"https:\/\/908magazine.com.br\/en\/wp-json\/wp\/v2\/categories?post=1664"},{"taxonomy":"post_tag","embeddable":true,"href":"https:\/\/908magazine.com.br\/en\/wp-json\/wp\/v2\/tags?post=1664"}],"curies":[{"name":"wp","href":"https:\/\/api.w.org\/{rel}","templated":true}]}}