{"id":16,"date":"2026-07-12T10:00:00","date_gmt":"2026-07-12T13:00:00","guid":{"rendered":"https:\/\/fox.withemes.com\/wild\/2021\/12\/17\/solum-graeco-vel-at-has-ad-alienum\/"},"modified":"2026-08-19T23:00:54","modified_gmt":"2026-08-20T02:00:54","slug":"rafa-rojas","status":"publish","type":"post","link":"https:\/\/908magazine.com.br\/en\/rafa-rojas\/","title":{"rendered":"rafa rojas"},"content":{"rendered":"<p class=\"wp-block-paragraph\"><\/p>\n\n\n\n<figure class=\"wp-block-gallery has-nested-images columns-default is-cropped wp-block-gallery-1 is-layout-flex wp-block-gallery-is-layout-flex\">\n<figure class=\"wp-block-image size-full\"><a href=\"https:\/\/908magazine.com.br\/wp-content\/uploads\/2026\/01\/Rafa-Rojas_Cores-de-Sao-Paulo-14.jpg\"><img loading=\"lazy\" decoding=\"async\" width=\"854\" height=\"604\" data-id=\"633\" src=\"https:\/\/908magazine.com.br\/wp-content\/uploads\/2026\/01\/Rafa-Rojas_Cores-de-Sao-Paulo-14.jpg\" alt=\"\" class=\"wp-image-633\" srcset=\"https:\/\/908magazine.com.br\/wp-content\/uploads\/2026\/01\/Rafa-Rojas_Cores-de-Sao-Paulo-14.jpg 854w, https:\/\/908magazine.com.br\/wp-content\/uploads\/2026\/01\/Rafa-Rojas_Cores-de-Sao-Paulo-14-300x212.jpg 300w, https:\/\/908magazine.com.br\/wp-content\/uploads\/2026\/01\/Rafa-Rojas_Cores-de-Sao-Paulo-14-768x543.jpg 768w, https:\/\/908magazine.com.br\/wp-content\/uploads\/2026\/01\/Rafa-Rojas_Cores-de-Sao-Paulo-14-60x42.jpg 60w\" sizes=\"auto, (max-width: 854px) 100vw, 854px\" \/><\/a><\/figure>\n\n\n\n<figure class=\"wp-block-image size-full\"><a href=\"https:\/\/908magazine.com.br\/wp-content\/uploads\/2026\/01\/Rafa-Rojas_Cores-de-Sao-Paulo-10.jpg\"><img loading=\"lazy\" decoding=\"async\" width=\"604\" height=\"854\" data-id=\"631\" src=\"https:\/\/908magazine.com.br\/wp-content\/uploads\/2026\/01\/Rafa-Rojas_Cores-de-Sao-Paulo-10.jpg\" alt=\"\" class=\"wp-image-631\" srcset=\"https:\/\/908magazine.com.br\/wp-content\/uploads\/2026\/01\/Rafa-Rojas_Cores-de-Sao-Paulo-10.jpg 604w, https:\/\/908magazine.com.br\/wp-content\/uploads\/2026\/01\/Rafa-Rojas_Cores-de-Sao-Paulo-10-212x300.jpg 212w, https:\/\/908magazine.com.br\/wp-content\/uploads\/2026\/01\/Rafa-Rojas_Cores-de-Sao-Paulo-10-60x85.jpg 60w\" sizes=\"auto, (max-width: 604px) 100vw, 604px\" \/><\/a><\/figure>\n\n\n\n<figure class=\"wp-block-image size-full\"><a href=\"https:\/\/908magazine.com.br\/wp-content\/uploads\/2026\/01\/Rafa-Rojas_Cores-de-Sao-Paulo-32.jpg\"><img loading=\"lazy\" decoding=\"async\" width=\"854\" height=\"569\" data-id=\"625\" src=\"https:\/\/908magazine.com.br\/wp-content\/uploads\/2026\/01\/Rafa-Rojas_Cores-de-Sao-Paulo-32.jpg\" alt=\"\" class=\"wp-image-625\" srcset=\"https:\/\/908magazine.com.br\/wp-content\/uploads\/2026\/01\/Rafa-Rojas_Cores-de-Sao-Paulo-32.jpg 854w, https:\/\/908magazine.com.br\/wp-content\/uploads\/2026\/01\/Rafa-Rojas_Cores-de-Sao-Paulo-32-300x200.jpg 300w, https:\/\/908magazine.com.br\/wp-content\/uploads\/2026\/01\/Rafa-Rojas_Cores-de-Sao-Paulo-32-768x512.jpg 768w, https:\/\/908magazine.com.br\/wp-content\/uploads\/2026\/01\/Rafa-Rojas_Cores-de-Sao-Paulo-32-60x40.jpg 60w, https:\/\/908magazine.com.br\/wp-content\/uploads\/2026\/01\/Rafa-Rojas_Cores-de-Sao-Paulo-32-720x480.jpg 720w\" sizes=\"auto, (max-width: 854px) 100vw, 854px\" \/><\/a><\/figure>\n\n\n\n<figure class=\"wp-block-image size-full\"><a href=\"https:\/\/908magazine.com.br\/wp-content\/uploads\/2026\/01\/Rafa-Rojas_Cores-de-Sao-Paulo-22.jpg\"><img loading=\"lazy\" decoding=\"async\" width=\"854\" height=\"604\" data-id=\"632\" src=\"https:\/\/908magazine.com.br\/wp-content\/uploads\/2026\/01\/Rafa-Rojas_Cores-de-Sao-Paulo-22.jpg\" alt=\"\" class=\"wp-image-632\" srcset=\"https:\/\/908magazine.com.br\/wp-content\/uploads\/2026\/01\/Rafa-Rojas_Cores-de-Sao-Paulo-22.jpg 854w, https:\/\/908magazine.com.br\/wp-content\/uploads\/2026\/01\/Rafa-Rojas_Cores-de-Sao-Paulo-22-300x212.jpg 300w, https:\/\/908magazine.com.br\/wp-content\/uploads\/2026\/01\/Rafa-Rojas_Cores-de-Sao-Paulo-22-768x543.jpg 768w, https:\/\/908magazine.com.br\/wp-content\/uploads\/2026\/01\/Rafa-Rojas_Cores-de-Sao-Paulo-22-60x42.jpg 60w\" sizes=\"auto, (max-width: 854px) 100vw, 854px\" \/><\/a><\/figure>\n\n\n\n<figure class=\"wp-block-image size-full\"><a href=\"https:\/\/908magazine.com.br\/wp-content\/uploads\/2026\/01\/Rafa-Rojas_Cores-de-Sao-Paulo-1.jpg\"><img loading=\"lazy\" decoding=\"async\" width=\"854\" height=\"604\" data-id=\"628\" src=\"https:\/\/908magazine.com.br\/wp-content\/uploads\/2026\/01\/Rafa-Rojas_Cores-de-Sao-Paulo-1.jpg\" alt=\"\" class=\"wp-image-628\" srcset=\"https:\/\/908magazine.com.br\/wp-content\/uploads\/2026\/01\/Rafa-Rojas_Cores-de-Sao-Paulo-1.jpg 854w, https:\/\/908magazine.com.br\/wp-content\/uploads\/2026\/01\/Rafa-Rojas_Cores-de-Sao-Paulo-1-300x212.jpg 300w, https:\/\/908magazine.com.br\/wp-content\/uploads\/2026\/01\/Rafa-Rojas_Cores-de-Sao-Paulo-1-768x543.jpg 768w, https:\/\/908magazine.com.br\/wp-content\/uploads\/2026\/01\/Rafa-Rojas_Cores-de-Sao-Paulo-1-60x42.jpg 60w\" sizes=\"auto, (max-width: 854px) 100vw, 854px\" \/><\/a><\/figure>\n\n\n\n<figure class=\"wp-block-image size-full\"><a href=\"https:\/\/908magazine.com.br\/wp-content\/uploads\/2026\/01\/Rafa-Rojas_Cores-de-Sao-Paulo-20.jpg\"><img loading=\"lazy\" decoding=\"async\" width=\"854\" height=\"604\" data-id=\"624\" src=\"https:\/\/908magazine.com.br\/wp-content\/uploads\/2026\/01\/Rafa-Rojas_Cores-de-Sao-Paulo-20.jpg\" alt=\"\" class=\"wp-image-624\" srcset=\"https:\/\/908magazine.com.br\/wp-content\/uploads\/2026\/01\/Rafa-Rojas_Cores-de-Sao-Paulo-20.jpg 854w, https:\/\/908magazine.com.br\/wp-content\/uploads\/2026\/01\/Rafa-Rojas_Cores-de-Sao-Paulo-20-300x212.jpg 300w, https:\/\/908magazine.com.br\/wp-content\/uploads\/2026\/01\/Rafa-Rojas_Cores-de-Sao-Paulo-20-768x543.jpg 768w, https:\/\/908magazine.com.br\/wp-content\/uploads\/2026\/01\/Rafa-Rojas_Cores-de-Sao-Paulo-20-60x42.jpg 60w\" sizes=\"auto, (max-width: 854px) 100vw, 854px\" \/><\/a><\/figure>\n<\/figure>\n\n\n\n<p class=\"wp-block-paragraph\">Street photography has no rules. Anyone who says they have it probably wants to make you believe that it retains hidden knowledge and has developed a specific technique that only he or she (in general, he) is capable of transmitting.&nbsp;<\/p>\n\n\n\n<p class=\"wp-block-paragraph\">All you need to do street photography is the ability to move in some way, from living senses and an unbrutted sensitivity, not walled by the horrors of everyday life. If you put the camera for a walk with a certain frequency, keeping the spirit open and receptive \u2013 but alert, because Brazilian cities do not give up and do not tolerate vacil\u00e3o \u2013 to objects and people, shapes and colors, eventually, interesting images will spring up.&nbsp;<\/p>\n\n\n\n<figure class=\"wp-block-gallery has-nested-images columns-default is-cropped wp-block-gallery-2 is-layout-flex wp-block-gallery-is-layout-flex\">\n<figure class=\"wp-block-image size-full\"><a href=\"https:\/\/908magazine.com.br\/wp-content\/uploads\/2026\/01\/Rafa-Rojas_Cores-de-Sao-Paulo-12.jpg\"><img loading=\"lazy\" decoding=\"async\" width=\"604\" height=\"854\" data-id=\"626\" src=\"https:\/\/908magazine.com.br\/wp-content\/uploads\/2026\/01\/Rafa-Rojas_Cores-de-Sao-Paulo-12.jpg\" alt=\"\" class=\"wp-image-626\" srcset=\"https:\/\/908magazine.com.br\/wp-content\/uploads\/2026\/01\/Rafa-Rojas_Cores-de-Sao-Paulo-12.jpg 604w, https:\/\/908magazine.com.br\/wp-content\/uploads\/2026\/01\/Rafa-Rojas_Cores-de-Sao-Paulo-12-212x300.jpg 212w, https:\/\/908magazine.com.br\/wp-content\/uploads\/2026\/01\/Rafa-Rojas_Cores-de-Sao-Paulo-12-60x85.jpg 60w\" sizes=\"auto, (max-width: 604px) 100vw, 604px\" \/><\/a><\/figure>\n\n\n\n<figure class=\"wp-block-image size-full\"><a href=\"https:\/\/908magazine.com.br\/wp-content\/uploads\/2026\/01\/Rafa-Rojas_Cores-de-Sao-Paulo-19.jpg\"><img loading=\"lazy\" decoding=\"async\" width=\"569\" height=\"854\" data-id=\"627\" src=\"https:\/\/908magazine.com.br\/wp-content\/uploads\/2026\/01\/Rafa-Rojas_Cores-de-Sao-Paulo-19.jpg\" alt=\"\" class=\"wp-image-627\" srcset=\"https:\/\/908magazine.com.br\/wp-content\/uploads\/2026\/01\/Rafa-Rojas_Cores-de-Sao-Paulo-19.jpg 569w, https:\/\/908magazine.com.br\/wp-content\/uploads\/2026\/01\/Rafa-Rojas_Cores-de-Sao-Paulo-19-200x300.jpg 200w, https:\/\/908magazine.com.br\/wp-content\/uploads\/2026\/01\/Rafa-Rojas_Cores-de-Sao-Paulo-19-60x90.jpg 60w\" sizes=\"auto, (max-width: 569px) 100vw, 569px\" \/><\/a><\/figure>\n\n\n\n<figure class=\"wp-block-image size-full\"><a href=\"https:\/\/908magazine.com.br\/wp-content\/uploads\/2026\/01\/Rafa-Rojas_Cores-de-Sao-Paulo-4.jpg\"><img loading=\"lazy\" decoding=\"async\" width=\"569\" height=\"854\" data-id=\"620\" src=\"https:\/\/908magazine.com.br\/wp-content\/uploads\/2026\/01\/Rafa-Rojas_Cores-de-Sao-Paulo-4.jpg\" alt=\"\" class=\"wp-image-620\" srcset=\"https:\/\/908magazine.com.br\/wp-content\/uploads\/2026\/01\/Rafa-Rojas_Cores-de-Sao-Paulo-4.jpg 569w, https:\/\/908magazine.com.br\/wp-content\/uploads\/2026\/01\/Rafa-Rojas_Cores-de-Sao-Paulo-4-200x300.jpg 200w, https:\/\/908magazine.com.br\/wp-content\/uploads\/2026\/01\/Rafa-Rojas_Cores-de-Sao-Paulo-4-60x90.jpg 60w\" sizes=\"auto, (max-width: 569px) 100vw, 569px\" \/><\/a><\/figure>\n<\/figure>\n\n\n\n<p class=\"wp-block-paragraph\">Intuition, in my view, also plays an important role, but it needs to be first built and then stimulated. In order for it to be built, a whole persistent practice, an almost obsessive exercise, a kind of liturgical prayer to the streets is essential. Then there is a certain \u201cstretching\u201d of intuition, to prevent the specific nerves and muscles of the body associated with it from stiffening and locking, especially due to the so-called \u201cdestroying activities of the soul\u201d, such as the Italian writer Primo Levi referred to Gross toil, to the breadwinner, as opposed to the practice of literature.&nbsp;<\/p>\n\n\n\n<p class=\"wp-block-paragraph\">With the daily exercise of photography through the aimless exits, the purposeless walks, the affirmation \u2013 why not? \u2013 From dilettantism, these nerves soften and the muscles become flexible. Gradually, we become more exposed to scenes that once seemed irrelevant and banal, to fragments of life that once seemed bland. Eventually, scenes and fragments jump to the eyes and shine, making us dizzy and happy \u2013 so happy. But that feeling goes by fast&#8230;<\/p>\n\n\n\n<figure class=\"wp-block-gallery has-nested-images columns-default is-cropped wp-block-gallery-3 is-layout-flex wp-block-gallery-is-layout-flex\">\n<figure class=\"wp-block-image size-full\"><a href=\"https:\/\/908magazine.com.br\/wp-content\/uploads\/2026\/01\/Rafa-Rojas_Cores-de-Sao-Paulo-15.jpg\"><img loading=\"lazy\" decoding=\"async\" width=\"854\" height=\"569\" data-id=\"623\" src=\"https:\/\/908magazine.com.br\/wp-content\/uploads\/2026\/01\/Rafa-Rojas_Cores-de-Sao-Paulo-15.jpg\" alt=\"\" class=\"wp-image-623\" srcset=\"https:\/\/908magazine.com.br\/wp-content\/uploads\/2026\/01\/Rafa-Rojas_Cores-de-Sao-Paulo-15.jpg 854w, https:\/\/908magazine.com.br\/wp-content\/uploads\/2026\/01\/Rafa-Rojas_Cores-de-Sao-Paulo-15-300x200.jpg 300w, https:\/\/908magazine.com.br\/wp-content\/uploads\/2026\/01\/Rafa-Rojas_Cores-de-Sao-Paulo-15-768x512.jpg 768w, https:\/\/908magazine.com.br\/wp-content\/uploads\/2026\/01\/Rafa-Rojas_Cores-de-Sao-Paulo-15-60x40.jpg 60w, https:\/\/908magazine.com.br\/wp-content\/uploads\/2026\/01\/Rafa-Rojas_Cores-de-Sao-Paulo-15-720x480.jpg 720w\" sizes=\"auto, (max-width: 854px) 100vw, 854px\" \/><\/a><\/figure>\n\n\n\n<figure class=\"wp-block-image size-full\"><a href=\"https:\/\/908magazine.com.br\/wp-content\/uploads\/2026\/01\/Rafa-Rojas_Cores-de-Sao-Paulo-27.jpg\"><img loading=\"lazy\" decoding=\"async\" width=\"604\" height=\"854\" data-id=\"622\" src=\"https:\/\/908magazine.com.br\/wp-content\/uploads\/2026\/01\/Rafa-Rojas_Cores-de-Sao-Paulo-27.jpg\" alt=\"\" class=\"wp-image-622\" srcset=\"https:\/\/908magazine.com.br\/wp-content\/uploads\/2026\/01\/Rafa-Rojas_Cores-de-Sao-Paulo-27.jpg 604w, https:\/\/908magazine.com.br\/wp-content\/uploads\/2026\/01\/Rafa-Rojas_Cores-de-Sao-Paulo-27-212x300.jpg 212w, https:\/\/908magazine.com.br\/wp-content\/uploads\/2026\/01\/Rafa-Rojas_Cores-de-Sao-Paulo-27-60x85.jpg 60w\" sizes=\"auto, (max-width: 604px) 100vw, 604px\" \/><\/a><\/figure>\n\n\n\n<figure class=\"wp-block-image size-full\"><a href=\"https:\/\/908magazine.com.br\/wp-content\/uploads\/2026\/01\/Rafa-Rojas_Cores-de-Sao-Paulo-25.jpg\"><img loading=\"lazy\" decoding=\"async\" width=\"610\" height=\"854\" data-id=\"621\" src=\"https:\/\/908magazine.com.br\/wp-content\/uploads\/2026\/01\/Rafa-Rojas_Cores-de-Sao-Paulo-25.jpg\" alt=\"\" class=\"wp-image-621\" srcset=\"https:\/\/908magazine.com.br\/wp-content\/uploads\/2026\/01\/Rafa-Rojas_Cores-de-Sao-Paulo-25.jpg 610w, https:\/\/908magazine.com.br\/wp-content\/uploads\/2026\/01\/Rafa-Rojas_Cores-de-Sao-Paulo-25-214x300.jpg 214w, https:\/\/908magazine.com.br\/wp-content\/uploads\/2026\/01\/Rafa-Rojas_Cores-de-Sao-Paulo-25-60x84.jpg 60w\" sizes=\"auto, (max-width: 610px) 100vw, 610px\" \/><\/a><\/figure>\n<\/figure>\n\n\n\n<p class=\"wp-block-paragraph\">However, we repeat and insist, as addicts. And it is from this insistence that styles are developed. There are no rules, I repeat, for a correct, efficient, interesting or beautiful approach that leads to a style. This results from this \u201cuseless\u201d work, of elaborations and reflections, from a \u201cgymnastics\u201d of the senses and sensitivity. There are styles in which a passion is evident; there are others in which some dereliction is noticed; There are still those who present themselves even a certain rationalized imperfection. Some photographers use the crooked and the crude as a composition tool, others manage to be surprising under any circumstances, others are still excessively systematic, take it to the image and, with the least, do the most.&nbsp;<\/p>\n\n\n\n<figure class=\"wp-block-gallery has-nested-images columns-default is-cropped wp-block-gallery-4 is-layout-flex wp-block-gallery-is-layout-flex\">\n<figure class=\"wp-block-image size-full\"><a href=\"https:\/\/908magazine.com.br\/wp-content\/uploads\/2026\/01\/Rafa-Rojas_Cores-de-Sao-Paulo-28.jpg\"><img loading=\"lazy\" decoding=\"async\" width=\"604\" height=\"854\" data-id=\"619\" src=\"https:\/\/908magazine.com.br\/wp-content\/uploads\/2026\/01\/Rafa-Rojas_Cores-de-Sao-Paulo-28.jpg\" alt=\"\" class=\"wp-image-619\" srcset=\"https:\/\/908magazine.com.br\/wp-content\/uploads\/2026\/01\/Rafa-Rojas_Cores-de-Sao-Paulo-28.jpg 604w, https:\/\/908magazine.com.br\/wp-content\/uploads\/2026\/01\/Rafa-Rojas_Cores-de-Sao-Paulo-28-212x300.jpg 212w, https:\/\/908magazine.com.br\/wp-content\/uploads\/2026\/01\/Rafa-Rojas_Cores-de-Sao-Paulo-28-60x85.jpg 60w\" sizes=\"auto, (max-width: 604px) 100vw, 604px\" \/><\/a><\/figure>\n\n\n\n<figure class=\"wp-block-image size-full\"><a href=\"https:\/\/908magazine.com.br\/wp-content\/uploads\/2026\/01\/Rafa-Rojas_Cores-de-Sao-Paulo-11.jpg\"><img loading=\"lazy\" decoding=\"async\" width=\"603\" height=\"854\" data-id=\"630\" src=\"https:\/\/908magazine.com.br\/wp-content\/uploads\/2026\/01\/Rafa-Rojas_Cores-de-Sao-Paulo-11.jpg\" alt=\"\" class=\"wp-image-630\" srcset=\"https:\/\/908magazine.com.br\/wp-content\/uploads\/2026\/01\/Rafa-Rojas_Cores-de-Sao-Paulo-11.jpg 603w, https:\/\/908magazine.com.br\/wp-content\/uploads\/2026\/01\/Rafa-Rojas_Cores-de-Sao-Paulo-11-212x300.jpg 212w, https:\/\/908magazine.com.br\/wp-content\/uploads\/2026\/01\/Rafa-Rojas_Cores-de-Sao-Paulo-11-60x85.jpg 60w\" sizes=\"auto, (max-width: 603px) 100vw, 603px\" \/><\/a><\/figure>\n\n\n\n<figure class=\"wp-block-image size-full\"><a href=\"https:\/\/908magazine.com.br\/wp-content\/uploads\/2026\/01\/Rafa-Rojas_Cores-de-Sao-Paulo-24.jpg\"><img loading=\"lazy\" decoding=\"async\" width=\"610\" height=\"854\" data-id=\"629\" src=\"https:\/\/908magazine.com.br\/wp-content\/uploads\/2026\/01\/Rafa-Rojas_Cores-de-Sao-Paulo-24.jpg\" alt=\"\" class=\"wp-image-629\" srcset=\"https:\/\/908magazine.com.br\/wp-content\/uploads\/2026\/01\/Rafa-Rojas_Cores-de-Sao-Paulo-24.jpg 610w, https:\/\/908magazine.com.br\/wp-content\/uploads\/2026\/01\/Rafa-Rojas_Cores-de-Sao-Paulo-24-214x300.jpg 214w, https:\/\/908magazine.com.br\/wp-content\/uploads\/2026\/01\/Rafa-Rojas_Cores-de-Sao-Paulo-24-60x84.jpg 60w\" sizes=\"auto, (max-width: 610px) 100vw, 610px\" \/><\/a><\/figure>\n<\/figure>\n\n\n\n<p class=\"wp-block-paragraph\">Photographer Rafa Rojas enters this last category. With minimal elements, your work achieves maximum visual efficiency. And all the elements that make up his images seem to have been made for those places, as if it were obvious, as if there was a single way of seeing that scene, as if those objects and those people existed in balance with each other under the action of unbreakable forces.&nbsp;<\/p>\n\n\n\n<p class=\"wp-block-paragraph\">And when everything seems to point to a pre-existence of the framing, to something in potency that only awaited the photographer's gesture to exist in act, or even to a kind of <em>deja-vu<\/em>, the colors erupt and overflow, showing that the minimalism of Rojas is not dispassionate.<\/p>\n\n\n\n<p class=\"wp-block-paragraph\"><\/p>\n\n\n\n<p class=\"has-small-font-size wp-block-paragraph\">Sobre o fot\u00f3grafo:<br><strong>rafa rojas<\/strong> \u00e9 fot\u00f3grafo, curador e editor. \u00c9 cofundador da revista <em>Imagem Vertigem<\/em> e atua em projetos editoriais independentes. Em 2025 colaborou na cria\u00e7\u00e3o da exposi\u00e7\u00e3o e fotozine <em>BECO<\/em> e atuou como jurado da Convocat\u00f3ria Mata Atl\u00e2ntica, promovida pelo MIS-SP.<\/p>\n\n\n\n<p class=\"has-small-font-size wp-block-paragraph\">Sobre o autor:<br><strong>TW Jonas<\/strong> se dedica \u00e0 fotografia de rua e ao <em>Selo Vertigem<\/em>, editora que criou no final de 2021 e pela qual tem lan\u00e7ado fotolivros, zines e revistas de fotografia. \u00c9 coautor do livro <em>A descoberta do segundo sexo<\/em> (2018) e autor do livro <em>Science is sexy<\/em> (2019), ambos lan\u00e7ados pelo selo <em>Gosto Duvidoso<\/em>.<\/p>\n\n\n\n<p class=\"wp-block-paragraph\"><\/p>","protected":false},"excerpt":{"rendered":"<p>A fotografia de rua n\u00e3o tem regras. Quem disser que tem, provavelmente quer fazer voc\u00ea crer que conserva um saber oculto e desenvolveu uma t\u00e9cnica espec\u00edfica que s\u00f3 ele ou ela (em geral, ele) \u00e9 capaz de transmitir.&nbsp; Tudo de que voc\u00ea precisa para fazer fotografia de rua \u00e9 da capacidade de se deslocar de alguma forma, de sentidos vivos e de uma sensibilidade n\u00e3o embrutecida, n\u00e3o emparedada pelos horrores do dia a dia. Se colocar a c\u00e2mera para passear com certa frequ\u00eancia, mantendo o esp\u00edrito aberto e receptivo \u2013 mas alerta, porque as cidades brasileiras n\u00e3o d\u00e3o mole e<\/p>","protected":false},"author":1,"featured_media":632,"comment_status":"closed","ping_status":"open","sticky":false,"template":"","format":"standard","meta":{"footnotes":""},"categories":[30],"tags":[11,12,15,16,17],"class_list":["post-16","post","type-post","status-publish","format-standard","has-post-thumbnail","hentry","category-rua","tag-beauty","tag-culture","tag-history","tag-music","tag-news"],"_links":{"self":[{"href":"https:\/\/908magazine.com.br\/en\/wp-json\/wp\/v2\/posts\/16","targetHints":{"allow":["GET"]}}],"collection":[{"href":"https:\/\/908magazine.com.br\/en\/wp-json\/wp\/v2\/posts"}],"about":[{"href":"https:\/\/908magazine.com.br\/en\/wp-json\/wp\/v2\/types\/post"}],"author":[{"embeddable":true,"href":"https:\/\/908magazine.com.br\/en\/wp-json\/wp\/v2\/users\/1"}],"replies":[{"embeddable":true,"href":"https:\/\/908magazine.com.br\/en\/wp-json\/wp\/v2\/comments?post=16"}],"version-history":[{"count":22,"href":"https:\/\/908magazine.com.br\/en\/wp-json\/wp\/v2\/posts\/16\/revisions"}],"predecessor-version":[{"id":1793,"href":"https:\/\/908magazine.com.br\/en\/wp-json\/wp\/v2\/posts\/16\/revisions\/1793"}],"wp:featuredmedia":[{"embeddable":true,"href":"https:\/\/908magazine.com.br\/en\/wp-json\/wp\/v2\/media\/632"}],"wp:attachment":[{"href":"https:\/\/908magazine.com.br\/en\/wp-json\/wp\/v2\/media?parent=16"}],"wp:term":[{"taxonomy":"category","embeddable":true,"href":"https:\/\/908magazine.com.br\/en\/wp-json\/wp\/v2\/categories?post=16"},{"taxonomy":"post_tag","embeddable":true,"href":"https:\/\/908magazine.com.br\/en\/wp-json\/wp\/v2\/tags?post=16"}],"curies":[{"name":"wp","href":"https:\/\/api.w.org\/{rel}","templated":true}]}}