{"id":15,"date":"2026-07-12T10:00:00","date_gmt":"2026-07-12T13:00:00","guid":{"rendered":"https:\/\/fox.withemes.com\/wild\/2021\/12\/17\/ex-zril-intellegam-id-possit-constituto-sea\/"},"modified":"2026-07-12T18:29:19","modified_gmt":"2026-07-12T21:29:19","slug":"aaron-yeandle","status":"publish","type":"post","link":"https:\/\/908magazine.com.br\/en\/aaron-yeandle\/","title":{"rendered":"aaron yeandle"},"content":{"rendered":"<div style=\"height:40px\" aria-hidden=\"true\" class=\"wp-block-spacer\"><\/div>\n\n\n\n<div style=\"height:0px\" aria-hidden=\"true\" class=\"wp-block-spacer\"><\/div>\n\n\n\n<p class=\"wp-block-paragraph\">Equipamentos de Prote\u00e7\u00e3o Individual (EPI &#8211; PPE, no original em ingl\u00eas) referem-se aos equipamentos especializados utilizados por profissionais de sa\u00fade para se protegerem contra pat\u00f3genos altamente infecciosos, como o Ebola, o v\u00edrus de Marburg e a COVID-19.<\/p>\n\n\n\n<p class=\"wp-block-paragraph\">Este projeto, juntamente com o conjunto de trabalhos que o acompanha, foi desenvolvido durante os est\u00e1gios iniciais da pandemia da COVID-19 e dos confinamentos associados a ela. Durante esse per\u00edodo, imagens de profissionais da \u00e1rea m\u00e9dica em trajes de prote\u00e7\u00e3o contra materiais perigosos saturaram a m\u00eddia, contribuindo para a ansiedade e o medo generalizados do p\u00fablico. A repentina demanda global por equipamentos de prote\u00e7\u00e3o, impulsionada tanto pelos sistemas de sa\u00fade quanto por indiv\u00edduos fora da \u00e1rea m\u00e9dica, levou a uma escassez significativa de EPI \u2014 particularmente m\u00e1scaras faciais.<\/p>\n\n\n\n<figure class=\"wp-block-gallery has-nested-images columns-default is-cropped wp-block-gallery-1 is-layout-flex wp-block-gallery-is-layout-flex\">\n<figure class=\"wp-block-image size-large\"><a href=\"https:\/\/908magazine.com.br\/wp-content\/uploads\/2026\/01\/Aaron-Yeandle_04.jpg\"><img loading=\"lazy\" decoding=\"async\" width=\"683\" height=\"1024\" data-id=\"801\" src=\"https:\/\/908magazine.com.br\/wp-content\/uploads\/2026\/01\/Aaron-Yeandle_04-683x1024.jpg\" alt=\"\" class=\"wp-image-801\" srcset=\"https:\/\/908magazine.com.br\/wp-content\/uploads\/2026\/01\/Aaron-Yeandle_04-683x1024.jpg 683w, https:\/\/908magazine.com.br\/wp-content\/uploads\/2026\/01\/Aaron-Yeandle_04-200x300.jpg 200w, https:\/\/908magazine.com.br\/wp-content\/uploads\/2026\/01\/Aaron-Yeandle_04-768x1152.jpg 768w, https:\/\/908magazine.com.br\/wp-content\/uploads\/2026\/01\/Aaron-Yeandle_04-60x90.jpg 60w, https:\/\/908magazine.com.br\/wp-content\/uploads\/2026\/01\/Aaron-Yeandle_04.jpg 800w\" sizes=\"auto, (max-width: 683px) 100vw, 683px\" \/><\/a><\/figure>\n\n\n\n<figure class=\"wp-block-image size-large\"><a href=\"https:\/\/908magazine.com.br\/wp-content\/uploads\/2026\/01\/Aaron-Yeandle_12.jpg\"><img loading=\"lazy\" decoding=\"async\" width=\"683\" height=\"1024\" data-id=\"800\" src=\"https:\/\/908magazine.com.br\/wp-content\/uploads\/2026\/01\/Aaron-Yeandle_12-683x1024.jpg\" alt=\"\" class=\"wp-image-800\" srcset=\"https:\/\/908magazine.com.br\/wp-content\/uploads\/2026\/01\/Aaron-Yeandle_12-683x1024.jpg 683w, https:\/\/908magazine.com.br\/wp-content\/uploads\/2026\/01\/Aaron-Yeandle_12-200x300.jpg 200w, https:\/\/908magazine.com.br\/wp-content\/uploads\/2026\/01\/Aaron-Yeandle_12-768x1152.jpg 768w, https:\/\/908magazine.com.br\/wp-content\/uploads\/2026\/01\/Aaron-Yeandle_12-60x90.jpg 60w, https:\/\/908magazine.com.br\/wp-content\/uploads\/2026\/01\/Aaron-Yeandle_12.jpg 800w\" sizes=\"auto, (max-width: 683px) 100vw, 683px\" \/><\/a><\/figure>\n<\/figure>\n\n\n\n<div style=\"height:10px\" aria-hidden=\"true\" class=\"wp-block-spacer\"><\/div>\n\n\n\n<p class=\"wp-block-paragraph\">Os seres humanos usam m\u00e1scaras h\u00e1 mil\u00eanios; elas est\u00e3o enraizadas em nossa hist\u00f3ria psicol\u00f3gica e cultural coletiva. Em todo o mundo, rituais tradicionais com m\u00e1scaras apresentam semelhan\u00e7as impressionantes, apesar de terem origem em comunidades diversas. Ao longo da hist\u00f3ria, as m\u00e1scaras serviram a in\u00fameros prop\u00f3sitos, incluindo a participa\u00e7\u00e3o em cerim\u00f4nias religiosas, celebra\u00e7\u00f5es comunit\u00e1rias e guerras. Elas t\u00eam sido usadas para transmitir presen\u00e7as espirituais durante ritos de inicia\u00e7\u00e3o e pr\u00e1ticas funer\u00e1rias, com algumas m\u00e1scaras consideradas representativas de esp\u00edritos ancestrais e outras associadas a sociedades esot\u00e9ricas ou secretas. <\/p>\n\n\n\n<p class=\"wp-block-paragraph\">No cinema contempor\u00e2neo, o uso de m\u00e1scaras tornou-se um recurso estil\u00edstico onipresente, aparecendo em quase todos os filmes de terror como um meio de aumentar o suspense, ocultar a identidade e evocar medos psicol\u00f3gicos mais profundos.<\/p>\n\n\n\n<p class=\"wp-block-paragraph\">Durante as epidemias de peste bub\u00f4nica que devastaram a Europa, os m\u00e9dicos da peste adotaram as primeiras formas de Equipamento de Prote\u00e7\u00e3o Individual para se protegerem da infec\u00e7\u00e3o. Seu traje, hoje ic\u00f4nico, inclu\u00eda m\u00e1scaras sinistras, com apar\u00eancia animal, projetadas para manter o ar contaminado afastado. Este conjunto de obras tamb\u00e9m pretende servir como uma homenagem a esse per\u00edodo da hist\u00f3ria social.<\/p>\n\n\n\n<figure class=\"wp-block-gallery has-nested-images columns-default is-cropped wp-block-gallery-2 is-layout-flex wp-block-gallery-is-layout-flex\">\n<figure class=\"wp-block-image size-large\"><a href=\"https:\/\/908magazine.com.br\/wp-content\/uploads\/2026\/01\/Aaron-Yeandle_.jpg\"><img loading=\"lazy\" decoding=\"async\" width=\"683\" height=\"1024\" data-id=\"799\" src=\"https:\/\/908magazine.com.br\/wp-content\/uploads\/2026\/01\/Aaron-Yeandle_-683x1024.jpg\" alt=\"\" class=\"wp-image-799\" srcset=\"https:\/\/908magazine.com.br\/wp-content\/uploads\/2026\/01\/Aaron-Yeandle_-683x1024.jpg 683w, https:\/\/908magazine.com.br\/wp-content\/uploads\/2026\/01\/Aaron-Yeandle_-200x300.jpg 200w, https:\/\/908magazine.com.br\/wp-content\/uploads\/2026\/01\/Aaron-Yeandle_-768x1152.jpg 768w, https:\/\/908magazine.com.br\/wp-content\/uploads\/2026\/01\/Aaron-Yeandle_-60x90.jpg 60w, https:\/\/908magazine.com.br\/wp-content\/uploads\/2026\/01\/Aaron-Yeandle_.jpg 800w\" sizes=\"auto, (max-width: 683px) 100vw, 683px\" \/><\/a><\/figure>\n\n\n\n<figure class=\"wp-block-image size-large\"><a href=\"https:\/\/908magazine.com.br\/wp-content\/uploads\/2026\/01\/Aaron-Yeandle_03.jpg\"><img loading=\"lazy\" decoding=\"async\" width=\"683\" height=\"1024\" data-id=\"798\" src=\"https:\/\/908magazine.com.br\/wp-content\/uploads\/2026\/01\/Aaron-Yeandle_03-683x1024.jpg\" alt=\"\" class=\"wp-image-798\" srcset=\"https:\/\/908magazine.com.br\/wp-content\/uploads\/2026\/01\/Aaron-Yeandle_03-683x1024.jpg 683w, https:\/\/908magazine.com.br\/wp-content\/uploads\/2026\/01\/Aaron-Yeandle_03-200x300.jpg 200w, https:\/\/908magazine.com.br\/wp-content\/uploads\/2026\/01\/Aaron-Yeandle_03-768x1152.jpg 768w, https:\/\/908magazine.com.br\/wp-content\/uploads\/2026\/01\/Aaron-Yeandle_03-60x90.jpg 60w, https:\/\/908magazine.com.br\/wp-content\/uploads\/2026\/01\/Aaron-Yeandle_03.jpg 800w\" sizes=\"auto, (max-width: 683px) 100vw, 683px\" \/><\/a><\/figure>\n\n\n\n<figure class=\"wp-block-image size-large\"><a href=\"https:\/\/908magazine.com.br\/wp-content\/uploads\/2026\/01\/Aaron-Yeandle_01.jpg\"><img loading=\"lazy\" decoding=\"async\" width=\"683\" height=\"1024\" data-id=\"797\" src=\"https:\/\/908magazine.com.br\/wp-content\/uploads\/2026\/01\/Aaron-Yeandle_01-683x1024.jpg\" alt=\"\" class=\"wp-image-797\" srcset=\"https:\/\/908magazine.com.br\/wp-content\/uploads\/2026\/01\/Aaron-Yeandle_01-683x1024.jpg 683w, https:\/\/908magazine.com.br\/wp-content\/uploads\/2026\/01\/Aaron-Yeandle_01-200x300.jpg 200w, https:\/\/908magazine.com.br\/wp-content\/uploads\/2026\/01\/Aaron-Yeandle_01-768x1152.jpg 768w, https:\/\/908magazine.com.br\/wp-content\/uploads\/2026\/01\/Aaron-Yeandle_01-60x90.jpg 60w, https:\/\/908magazine.com.br\/wp-content\/uploads\/2026\/01\/Aaron-Yeandle_01.jpg 800w\" sizes=\"auto, (max-width: 683px) 100vw, 683px\" \/><\/a><\/figure>\n<\/figure>\n\n\n\n<p class=\"wp-block-paragraph\">As imagens do projeto PPE-19 retratam figuras vestidas com trajes de prote\u00e7\u00e3o contra subst\u00e2ncias perigosas e usando m\u00e1scaras feitas de repolhos, materiais artesanais e objetos encontrados. Historicamente, acreditava-se que os repolhos possu\u00edam propriedades medicinais, particularmente para o tratamento de infec\u00e7\u00f5es pulmonares e dificuldades respirat\u00f3rias, tornando sua inclus\u00e3o uma refer\u00eancia simb\u00f3lica \u00e0s pr\u00e1ticas curativas do passado.<\/p>\n\n\n\n<p class=\"wp-block-paragraph\">Os elementos florais que aparecem nos fundos de algumas imagens prestam homenagem \u00e0s m\u00e1scaras com bico dos m\u00e9dicos da peste, que eram tipicamente preenchidas com flores secas, ervas e l\u00e1udano. Acreditava-se que essas subst\u00e2ncias arom\u00e1ticas ofereciam prote\u00e7\u00e3o contra o cont\u00e1gio transmitido pelo ar.<\/p>\n\n\n\n<p class=\"wp-block-paragraph\">O projeto PPE-19 explora tanto o significado hist\u00f3rico quanto o contempor\u00e2neo das m\u00e1scaras de prote\u00e7\u00e3o \u2014 desde vestimentas da era da peste at\u00e9 equipamentos modernos de prote\u00e7\u00e3o contra materiais perigosos. Criado inteiramente dentro das limita\u00e7\u00f5es do meu apartamento durante o confinamento, o projeto reflete sobre a continuidade e a mudan\u00e7a nas formas como os seres humanos se protegem contra doen\u00e7as.<\/p>\n\n\n\n<figure class=\"wp-block-gallery has-nested-images columns-2 is-cropped wp-block-gallery-3 is-layout-flex wp-block-gallery-is-layout-flex\">\n<figure class=\"wp-block-image size-large\"><a href=\"https:\/\/908magazine.com.br\/wp-content\/uploads\/2026\/01\/Aaron-Yeandle_02.jpg\"><img loading=\"lazy\" decoding=\"async\" width=\"683\" height=\"1024\" data-id=\"802\" src=\"https:\/\/908magazine.com.br\/wp-content\/uploads\/2026\/01\/Aaron-Yeandle_02-683x1024.jpg\" alt=\"\" class=\"wp-image-802\" srcset=\"https:\/\/908magazine.com.br\/wp-content\/uploads\/2026\/01\/Aaron-Yeandle_02-683x1024.jpg 683w, https:\/\/908magazine.com.br\/wp-content\/uploads\/2026\/01\/Aaron-Yeandle_02-200x300.jpg 200w, https:\/\/908magazine.com.br\/wp-content\/uploads\/2026\/01\/Aaron-Yeandle_02-768x1152.jpg 768w, https:\/\/908magazine.com.br\/wp-content\/uploads\/2026\/01\/Aaron-Yeandle_02-60x90.jpg 60w, https:\/\/908magazine.com.br\/wp-content\/uploads\/2026\/01\/Aaron-Yeandle_02.jpg 800w\" sizes=\"auto, (max-width: 683px) 100vw, 683px\" \/><\/a><\/figure>\n<\/figure>\n\n\n\n<figure class=\"wp-block-gallery has-nested-images columns-3 is-cropped wp-block-gallery-4 is-layout-flex wp-block-gallery-is-layout-flex\">\n<figure class=\"wp-block-image size-large\"><a href=\"https:\/\/908magazine.com.br\/wp-content\/uploads\/2026\/01\/Aaron-Yeandle_11.jpg\"><img loading=\"lazy\" decoding=\"async\" width=\"683\" height=\"1024\" data-id=\"803\" src=\"https:\/\/908magazine.com.br\/wp-content\/uploads\/2026\/01\/Aaron-Yeandle_11-683x1024.jpg\" alt=\"\" class=\"wp-image-803\" srcset=\"https:\/\/908magazine.com.br\/wp-content\/uploads\/2026\/01\/Aaron-Yeandle_11-683x1024.jpg 683w, https:\/\/908magazine.com.br\/wp-content\/uploads\/2026\/01\/Aaron-Yeandle_11-200x300.jpg 200w, https:\/\/908magazine.com.br\/wp-content\/uploads\/2026\/01\/Aaron-Yeandle_11-768x1152.jpg 768w, https:\/\/908magazine.com.br\/wp-content\/uploads\/2026\/01\/Aaron-Yeandle_11-60x90.jpg 60w, https:\/\/908magazine.com.br\/wp-content\/uploads\/2026\/01\/Aaron-Yeandle_11.jpg 800w\" sizes=\"auto, (max-width: 683px) 100vw, 683px\" \/><\/a><\/figure>\n\n\n\n<figure class=\"wp-block-image size-large\"><a href=\"https:\/\/908magazine.com.br\/wp-content\/uploads\/2026\/01\/Aaron-Yeandle_15.jpg\"><img loading=\"lazy\" decoding=\"async\" width=\"683\" height=\"1024\" data-id=\"794\" src=\"https:\/\/908magazine.com.br\/wp-content\/uploads\/2026\/01\/Aaron-Yeandle_15-683x1024.jpg\" alt=\"\" class=\"wp-image-794\" srcset=\"https:\/\/908magazine.com.br\/wp-content\/uploads\/2026\/01\/Aaron-Yeandle_15-683x1024.jpg 683w, https:\/\/908magazine.com.br\/wp-content\/uploads\/2026\/01\/Aaron-Yeandle_15-200x300.jpg 200w, https:\/\/908magazine.com.br\/wp-content\/uploads\/2026\/01\/Aaron-Yeandle_15-768x1152.jpg 768w, https:\/\/908magazine.com.br\/wp-content\/uploads\/2026\/01\/Aaron-Yeandle_15-60x90.jpg 60w, https:\/\/908magazine.com.br\/wp-content\/uploads\/2026\/01\/Aaron-Yeandle_15.jpg 800w\" sizes=\"auto, (max-width: 683px) 100vw, 683px\" \/><\/a><\/figure>\n\n\n\n<figure class=\"wp-block-image size-large\"><a href=\"https:\/\/908magazine.com.br\/wp-content\/uploads\/2026\/01\/Aaron-Yeandle_05.jpg\"><img loading=\"lazy\" decoding=\"async\" width=\"683\" height=\"1024\" data-id=\"804\" src=\"https:\/\/908magazine.com.br\/wp-content\/uploads\/2026\/01\/Aaron-Yeandle_05-683x1024.jpg\" alt=\"\" class=\"wp-image-804\" srcset=\"https:\/\/908magazine.com.br\/wp-content\/uploads\/2026\/01\/Aaron-Yeandle_05-683x1024.jpg 683w, https:\/\/908magazine.com.br\/wp-content\/uploads\/2026\/01\/Aaron-Yeandle_05-200x300.jpg 200w, https:\/\/908magazine.com.br\/wp-content\/uploads\/2026\/01\/Aaron-Yeandle_05-768x1152.jpg 768w, https:\/\/908magazine.com.br\/wp-content\/uploads\/2026\/01\/Aaron-Yeandle_05-60x90.jpg 60w, https:\/\/908magazine.com.br\/wp-content\/uploads\/2026\/01\/Aaron-Yeandle_05.jpg 800w\" sizes=\"auto, (max-width: 683px) 100vw, 683px\" \/><\/a><\/figure>\n<\/figure>\n\n\n\n<p class=\"wp-block-paragraph\"><\/p>\n\n\n\n<p class=\"has-small-font-size wp-block-paragraph\">Sobre o autor:<br><strong>aaron yeandle<\/strong> \u00e9 fot\u00f3grafo documental de belas artes. Bacharel em Fotografia, mestre em Belas-Artes e possui um Certificado de P\u00f3s-Gradua\u00e7\u00e3o em Educa\u00e7\u00e3o (PGCE) para o ensino p\u00f3s-obrigat\u00f3rio. \u00c9 reconhecido por pr\u00eamios e indica\u00e7\u00f5es de institutos fotogr\u00e1ficos internacionais, com trabalhos em exposi\u00e7\u00f5es individuais e coletivas nacional e internacionalmente.<\/p>\n\n\n\n<p class=\"wp-block-paragraph\"><\/p>","protected":false},"excerpt":{"rendered":"<p>Equipamentos de Prote\u00e7\u00e3o Individual (EPI &#8211; PPE, no original em ingl\u00eas) referem-se aos equipamentos especializados utilizados por profissionais de sa\u00fade para se protegerem contra pat\u00f3genos altamente infecciosos, como o Ebola, o v\u00edrus de Marburg e a COVID-19. Este projeto, juntamente com o conjunto de trabalhos que o acompanha, foi desenvolvido durante os est\u00e1gios iniciais da pandemia da COVID-19 e dos confinamentos associados a ela. Durante esse per\u00edodo, imagens de profissionais da \u00e1rea m\u00e9dica em trajes de prote\u00e7\u00e3o contra materiais perigosos saturaram a m\u00eddia, contribuindo para a ansiedade e o medo generalizados do p\u00fablico. A repentina demanda global por equipamentos de<\/p>","protected":false},"author":1,"featured_media":796,"comment_status":"closed","ping_status":"open","sticky":false,"template":"","format":"standard","meta":{"footnotes":""},"categories":[4,5],"tags":[13,15,17,19,20],"class_list":["post-15","post","type-post","status-publish","format-standard","has-post-thumbnail","hentry","category-experimental","category-retrato","tag-fashion","tag-history","tag-news","tag-politics","tag-tv"],"_links":{"self":[{"href":"https:\/\/908magazine.com.br\/en\/wp-json\/wp\/v2\/posts\/15","targetHints":{"allow":["GET"]}}],"collection":[{"href":"https:\/\/908magazine.com.br\/en\/wp-json\/wp\/v2\/posts"}],"about":[{"href":"https:\/\/908magazine.com.br\/en\/wp-json\/wp\/v2\/types\/post"}],"author":[{"embeddable":true,"href":"https:\/\/908magazine.com.br\/en\/wp-json\/wp\/v2\/users\/1"}],"replies":[{"embeddable":true,"href":"https:\/\/908magazine.com.br\/en\/wp-json\/wp\/v2\/comments?post=15"}],"version-history":[{"count":32,"href":"https:\/\/908magazine.com.br\/en\/wp-json\/wp\/v2\/posts\/15\/revisions"}],"predecessor-version":[{"id":1567,"href":"https:\/\/908magazine.com.br\/en\/wp-json\/wp\/v2\/posts\/15\/revisions\/1567"}],"wp:featuredmedia":[{"embeddable":true,"href":"https:\/\/908magazine.com.br\/en\/wp-json\/wp\/v2\/media\/796"}],"wp:attachment":[{"href":"https:\/\/908magazine.com.br\/en\/wp-json\/wp\/v2\/media?parent=15"}],"wp:term":[{"taxonomy":"category","embeddable":true,"href":"https:\/\/908magazine.com.br\/en\/wp-json\/wp\/v2\/categories?post=15"},{"taxonomy":"post_tag","embeddable":true,"href":"https:\/\/908magazine.com.br\/en\/wp-json\/wp\/v2\/tags?post=15"}],"curies":[{"name":"wp","href":"https:\/\/api.w.org\/{rel}","templated":true}]}}