{"id":12,"date":"2026-07-12T10:00:00","date_gmt":"2026-07-12T13:00:00","guid":{"rendered":"https:\/\/fox.withemes.com\/wild\/2021\/12\/17\/eu-cum-nibh-everti-vivendo-ius-ne\/"},"modified":"2026-08-25T11:29:30","modified_gmt":"2026-08-25T14:29:30","slug":"claudia-prechedes","status":"publish","type":"post","link":"https:\/\/908magazine.com.br\/en\/claudia-prechedes\/","title":{"rendered":"Claudia Prechedes"},"content":{"rendered":"\n<p class=\"wp-block-paragraph\"><\/p>\n\n\n\n<p class=\"wp-block-paragraph\">Uma mulher de cabelos pretos e soltos olha fixamente para frente. O olhar hipn\u00f3tico convoca o observador. Seu rosto n\u00e3o acompanha o movimento do corpo, parcialmente virado para o lado e desnudo. Sobre a cabe\u00e7a, uma coroa de pentes finos se eleva imponente. A raiz aparentemente lisa \u00e9 seguida por fios volumosos e sem defini\u00e7\u00e3o. Dos cachos que ali estavam, restam apenas em algumas pontas de cabelo, fazendo men\u00e7\u00e3o a uma forma temporariamente inexistente. Ao fundo, o tecido cinza e brilhante destaca o autorretrato da fot\u00f3grafa Claudia Prechedes, parte da s\u00e9rie <em>Pixaim<\/em> \u2013 modo pejorativo de chamar os cabelos crespos no Brasil. Neste projeto art\u00edstico-documental, Claudia investiga as marcas sociais e culturais sobre cabelos crespos e transi\u00e7\u00e3o capilar. A artista parte de mem\u00f3rias da inf\u00e2ncia como suporte de viol\u00eancias naturalizadas pela sociedade, em di\u00e1logo com hist\u00f3rias de outras mulheres negras.&nbsp;<br><\/p>\n\n\n\n<figure class=\"wp-block-gallery has-nested-images columns-default is-cropped wp-block-gallery-1 is-layout-flex wp-block-gallery-is-layout-flex\">\n<figure class=\"wp-block-image size-large\"><img loading=\"lazy\" decoding=\"async\" width=\"731\" height=\"1024\" data-id=\"685\" src=\"https:\/\/908magazine.com.br\/wp-content\/uploads\/2026\/01\/Claudia-Prechedes_web_908Magazine0014-731x1024.jpg\" alt=\"\" class=\"wp-image-685\" srcset=\"https:\/\/908magazine.com.br\/wp-content\/uploads\/2026\/01\/Claudia-Prechedes_web_908Magazine0014-731x1024.jpg 731w, https:\/\/908magazine.com.br\/wp-content\/uploads\/2026\/01\/Claudia-Prechedes_web_908Magazine0014-214x300.jpg 214w, https:\/\/908magazine.com.br\/wp-content\/uploads\/2026\/01\/Claudia-Prechedes_web_908Magazine0014-768x1075.jpg 768w, https:\/\/908magazine.com.br\/wp-content\/uploads\/2026\/01\/Claudia-Prechedes_web_908Magazine0014-60x84.jpg 60w, https:\/\/908magazine.com.br\/wp-content\/uploads\/2026\/01\/Claudia-Prechedes_web_908Magazine0014.jpg 857w\" sizes=\"auto, (max-width: 731px) 100vw, 731px\" \/><\/figure>\n\n\n\n<figure class=\"wp-block-image size-large\"><img loading=\"lazy\" decoding=\"async\" width=\"731\" height=\"1024\" data-id=\"686\" src=\"https:\/\/908magazine.com.br\/wp-content\/uploads\/2026\/01\/Claudia-Prechedes_web_908Magazine0013-731x1024.jpg\" alt=\"\" class=\"wp-image-686\" srcset=\"https:\/\/908magazine.com.br\/wp-content\/uploads\/2026\/01\/Claudia-Prechedes_web_908Magazine0013-731x1024.jpg 731w, https:\/\/908magazine.com.br\/wp-content\/uploads\/2026\/01\/Claudia-Prechedes_web_908Magazine0013-214x300.jpg 214w, https:\/\/908magazine.com.br\/wp-content\/uploads\/2026\/01\/Claudia-Prechedes_web_908Magazine0013-768x1075.jpg 768w, https:\/\/908magazine.com.br\/wp-content\/uploads\/2026\/01\/Claudia-Prechedes_web_908Magazine0013-60x84.jpg 60w, https:\/\/908magazine.com.br\/wp-content\/uploads\/2026\/01\/Claudia-Prechedes_web_908Magazine0013.jpg 857w\" sizes=\"auto, (max-width: 731px) 100vw, 731px\" \/><\/figure>\n<\/figure>\n\n\n\n<p class=\"wp-block-paragraph\">Em outra imagem, a artista aparece deitada sobre rolos de palha de a\u00e7o. O imagin\u00e1rio racista, por\u00e9m, associa a pe\u00e7a abrasiva, utilizada para limpeza, \u00e0 textura de cabelos crespos. Prechedes gera tens\u00e3o material ao tran\u00e7ar em seus cabelos dois tufos da pe\u00e7a met\u00e1lica, o que causa estranhamento, desnuda a perversidade da met\u00e1fora racista e a torna insuport\u00e1vel ao olhar. Como m\u00e9todo, revisita contextos que remetem a viol\u00eancia racial associada a cabelos crespos e constr\u00f3i imagens onde performa o trauma como estrat\u00e9gia para desfaz\u00ea-lo.<\/p>\n\n\n\n<p class=\"wp-block-paragraph\">Assim, em outras imagens da s\u00e9rie a l\u00e2mina pontiaguda de grandes facas contrasta ora com a fragilidade do cetim amarelo, ora com a delicada pele de Claudia. Noutra fotografia, o punho cerrado da artista esmaga pimentas de onde escorre um l\u00edquido vermelho vivo; por fim, o dedo indicador toca a ponta de uma faca. S\u00e3o imagens que tencionam o fr\u00e1gil e o hostil em conv\u00edvio terr\u00edvel.<\/p>\n\n\n\n<figure class=\"wp-block-gallery has-nested-images columns-default is-cropped wp-block-gallery-2 is-layout-flex wp-block-gallery-is-layout-flex\">\n<figure class=\"wp-block-image size-large\"><a href=\"https:\/\/908magazine.com.br\/wp-content\/uploads\/2026\/01\/Claudia-Prechedes_web_908Magazine0011.jpg\"><img loading=\"lazy\" decoding=\"async\" width=\"684\" height=\"1024\" data-id=\"689\" src=\"https:\/\/908magazine.com.br\/wp-content\/uploads\/2026\/01\/Claudia-Prechedes_web_908Magazine0011-684x1024.jpg\" alt=\"\" class=\"wp-image-689\" srcset=\"https:\/\/908magazine.com.br\/wp-content\/uploads\/2026\/01\/Claudia-Prechedes_web_908Magazine0011-684x1024.jpg 684w, https:\/\/908magazine.com.br\/wp-content\/uploads\/2026\/01\/Claudia-Prechedes_web_908Magazine0011-200x300.jpg 200w, https:\/\/908magazine.com.br\/wp-content\/uploads\/2026\/01\/Claudia-Prechedes_web_908Magazine0011-768x1151.jpg 768w, https:\/\/908magazine.com.br\/wp-content\/uploads\/2026\/01\/Claudia-Prechedes_web_908Magazine0011-60x90.jpg 60w, https:\/\/908magazine.com.br\/wp-content\/uploads\/2026\/01\/Claudia-Prechedes_web_908Magazine0011.jpg 801w\" sizes=\"auto, (max-width: 684px) 100vw, 684px\" \/><\/a><\/figure>\n\n\n\n<figure class=\"wp-block-image size-large\"><a href=\"https:\/\/908magazine.com.br\/wp-content\/uploads\/2026\/01\/Claudia-Prechedes_web_908Magazine0009.jpg\"><img loading=\"lazy\" decoding=\"async\" width=\"731\" height=\"1024\" data-id=\"687\" src=\"https:\/\/908magazine.com.br\/wp-content\/uploads\/2026\/01\/Claudia-Prechedes_web_908Magazine0009-731x1024.jpg\" alt=\"\" class=\"wp-image-687\" srcset=\"https:\/\/908magazine.com.br\/wp-content\/uploads\/2026\/01\/Claudia-Prechedes_web_908Magazine0009-731x1024.jpg 731w, https:\/\/908magazine.com.br\/wp-content\/uploads\/2026\/01\/Claudia-Prechedes_web_908Magazine0009-214x300.jpg 214w, https:\/\/908magazine.com.br\/wp-content\/uploads\/2026\/01\/Claudia-Prechedes_web_908Magazine0009-768x1075.jpg 768w, https:\/\/908magazine.com.br\/wp-content\/uploads\/2026\/01\/Claudia-Prechedes_web_908Magazine0009-60x84.jpg 60w, https:\/\/908magazine.com.br\/wp-content\/uploads\/2026\/01\/Claudia-Prechedes_web_908Magazine0009.jpg 857w\" sizes=\"auto, (max-width: 731px) 100vw, 731px\" \/><\/a><\/figure>\n<\/figure>\n\n\n\n<p class=\"wp-block-paragraph\">A nudez nos autorretratos amplia no\u00e7\u00f5es de intimidade e vulnerabilidade, uma vez que exp\u00f4r e difundir o pr\u00f3prio corpo diante de uma c\u00e2mera exige autoconsci\u00eancia e liberdade raras, desafiadoras e assombrosas. Um retrato de costas, com uma toalha branca amarrada para tr\u00e1s, remete ao desejo implantado no imagin\u00e1rio de meninas negras como Claudia foi: ter o cabelo comprido \u2013 preferencialmente liso, control\u00e1vel, previs\u00edvel.&nbsp;<\/p>\n\n\n\n<figure class=\"wp-block-gallery has-nested-images columns-default is-cropped wp-block-gallery-3 is-layout-flex wp-block-gallery-is-layout-flex\">\n<figure class=\"wp-block-image size-large\"><a href=\"https:\/\/908magazine.com.br\/wp-content\/uploads\/2026\/01\/Claudia-Prechedes_web_908Magazine0002.jpg\"><img loading=\"lazy\" decoding=\"async\" width=\"683\" height=\"1024\" data-id=\"700\" src=\"https:\/\/908magazine.com.br\/wp-content\/uploads\/2026\/01\/Claudia-Prechedes_web_908Magazine0002-683x1024.jpg\" alt=\"\" class=\"wp-image-700\" srcset=\"https:\/\/908magazine.com.br\/wp-content\/uploads\/2026\/01\/Claudia-Prechedes_web_908Magazine0002-683x1024.jpg 683w, https:\/\/908magazine.com.br\/wp-content\/uploads\/2026\/01\/Claudia-Prechedes_web_908Magazine0002-200x300.jpg 200w, https:\/\/908magazine.com.br\/wp-content\/uploads\/2026\/01\/Claudia-Prechedes_web_908Magazine0002-768x1152.jpg 768w, https:\/\/908magazine.com.br\/wp-content\/uploads\/2026\/01\/Claudia-Prechedes_web_908Magazine0002-60x90.jpg 60w, https:\/\/908magazine.com.br\/wp-content\/uploads\/2026\/01\/Claudia-Prechedes_web_908Magazine0002.jpg 800w\" sizes=\"auto, (max-width: 683px) 100vw, 683px\" \/><\/a><\/figure>\n\n\n\n<figure class=\"wp-block-image size-large\"><a href=\"https:\/\/908magazine.com.br\/wp-content\/uploads\/2026\/01\/Claudia-Prechedes_web_908Magazine0001.jpg\"><img loading=\"lazy\" decoding=\"async\" width=\"731\" height=\"1024\" data-id=\"699\" src=\"https:\/\/908magazine.com.br\/wp-content\/uploads\/2026\/01\/Claudia-Prechedes_web_908Magazine0001-731x1024.jpg\" alt=\"\" class=\"wp-image-699\" srcset=\"https:\/\/908magazine.com.br\/wp-content\/uploads\/2026\/01\/Claudia-Prechedes_web_908Magazine0001-731x1024.jpg 731w, https:\/\/908magazine.com.br\/wp-content\/uploads\/2026\/01\/Claudia-Prechedes_web_908Magazine0001-214x300.jpg 214w, https:\/\/908magazine.com.br\/wp-content\/uploads\/2026\/01\/Claudia-Prechedes_web_908Magazine0001-768x1075.jpg 768w, https:\/\/908magazine.com.br\/wp-content\/uploads\/2026\/01\/Claudia-Prechedes_web_908Magazine0001-60x84.jpg 60w, https:\/\/908magazine.com.br\/wp-content\/uploads\/2026\/01\/Claudia-Prechedes_web_908Magazine0001.jpg 857w\" sizes=\"auto, (max-width: 731px) 100vw, 731px\" \/><\/a><\/figure>\n\n\n\n<figure class=\"wp-block-image size-large\"><a href=\"https:\/\/908magazine.com.br\/wp-content\/uploads\/2026\/01\/Claudia-Prechedes_web_908Magazine0004.jpg\"><img loading=\"lazy\" decoding=\"async\" width=\"1024\" height=\"732\" data-id=\"698\" src=\"https:\/\/908magazine.com.br\/wp-content\/uploads\/2026\/01\/Claudia-Prechedes_web_908Magazine0004-1024x732.jpg\" alt=\"\" class=\"wp-image-698\" srcset=\"https:\/\/908magazine.com.br\/wp-content\/uploads\/2026\/01\/Claudia-Prechedes_web_908Magazine0004-1024x732.jpg 1024w, https:\/\/908magazine.com.br\/wp-content\/uploads\/2026\/01\/Claudia-Prechedes_web_908Magazine0004-300x215.jpg 300w, https:\/\/908magazine.com.br\/wp-content\/uploads\/2026\/01\/Claudia-Prechedes_web_908Magazine0004-768x549.jpg 768w, https:\/\/908magazine.com.br\/wp-content\/uploads\/2026\/01\/Claudia-Prechedes_web_908Magazine0004-60x43.jpg 60w, https:\/\/908magazine.com.br\/wp-content\/uploads\/2026\/01\/Claudia-Prechedes_web_908Magazine0004.jpg 1200w\" sizes=\"auto, (max-width: 1024px) 100vw, 1024px\" \/><\/a><\/figure>\n<\/figure>\n\n\n\n<p class=\"wp-block-paragraph\">Os cabelos crespos s\u00e3o um assunto hist\u00f3rico e importante aos movimentos de luta, consci\u00eancia e valoriza\u00e7\u00e3o de povos negros em diversos pa\u00edses do mundo, especialmente aqueles marcados pela di\u00e1spora e resist\u00eancia anticolonial. Na imprensa negra brasileira \u2013 plataformas de difus\u00e3o da articula\u00e7\u00e3o, organiza\u00e7\u00e3o e pensamento das comunidades negras do pa\u00eds \u2013, o tema aparece de diversas formas, ora em propagandas que incentivam o alisamento capilar, ora em mat\u00e9rias que valorizam os cabelos naturais. Uma propaganda de <em>Hen\u00ea Alem\u00e3o<\/em>, na primeira edi\u00e7\u00e3o do jornal Niger, a \u201cpublica\u00e7\u00e3o a servi\u00e7o da coletividade negra\u201d (Ano I, 1960) apresenta a seguinte chamada: \u201co sucesso de sua vida vem da beleza de seu cab\u00ealo! [sic]\u201d (Idem). E segue: \u201csuper Hen\u00ea Alem\u00e3o alisa e tinge magnificamente o cabelo cr\u00easpo [sic], por mais rebelde que seja, sem quebrar\u201d (Idem). Crescer alisando os cabelos foi, durante d\u00e9cadas, o sentido est\u00e9tico comum \u00e0 vida de mulheres negras no Brasil, assim como viveu a artista. O registro hist\u00f3rico de propagandas como esta em um ve\u00edculo da imprensa negra, evidencia como o tema condutor da pesquisa de Claudia \u00e9 um trauma coletivo, a ferida de um grupo social.&nbsp;<\/p>\n\n\n\n<figure class=\"wp-block-gallery has-nested-images columns-default is-cropped wp-block-gallery-4 is-layout-flex wp-block-gallery-is-layout-flex\">\n<figure class=\"wp-block-image size-large\"><a href=\"https:\/\/908magazine.com.br\/wp-content\/uploads\/2026\/01\/Claudia-Prechedes_web_908Magazine0008.jpg\"><img loading=\"lazy\" decoding=\"async\" width=\"1024\" height=\"732\" data-id=\"697\" src=\"https:\/\/908magazine.com.br\/wp-content\/uploads\/2026\/01\/Claudia-Prechedes_web_908Magazine0008-1024x732.jpg\" alt=\"\" class=\"wp-image-697\" srcset=\"https:\/\/908magazine.com.br\/wp-content\/uploads\/2026\/01\/Claudia-Prechedes_web_908Magazine0008-1024x732.jpg 1024w, https:\/\/908magazine.com.br\/wp-content\/uploads\/2026\/01\/Claudia-Prechedes_web_908Magazine0008-300x215.jpg 300w, https:\/\/908magazine.com.br\/wp-content\/uploads\/2026\/01\/Claudia-Prechedes_web_908Magazine0008-768x549.jpg 768w, https:\/\/908magazine.com.br\/wp-content\/uploads\/2026\/01\/Claudia-Prechedes_web_908Magazine0008-60x43.jpg 60w, https:\/\/908magazine.com.br\/wp-content\/uploads\/2026\/01\/Claudia-Prechedes_web_908Magazine0008.jpg 1200w\" sizes=\"auto, (max-width: 1024px) 100vw, 1024px\" \/><\/a><\/figure>\n\n\n\n<figure class=\"wp-block-image size-large\"><a href=\"https:\/\/908magazine.com.br\/wp-content\/uploads\/2026\/01\/Claudia-Prechedes_web_908Magazine0003.jpg\"><img loading=\"lazy\" decoding=\"async\" width=\"684\" height=\"1024\" data-id=\"694\" src=\"https:\/\/908magazine.com.br\/wp-content\/uploads\/2026\/01\/Claudia-Prechedes_web_908Magazine0003-684x1024.jpg\" alt=\"\" class=\"wp-image-694\" srcset=\"https:\/\/908magazine.com.br\/wp-content\/uploads\/2026\/01\/Claudia-Prechedes_web_908Magazine0003-684x1024.jpg 684w, https:\/\/908magazine.com.br\/wp-content\/uploads\/2026\/01\/Claudia-Prechedes_web_908Magazine0003-200x300.jpg 200w, https:\/\/908magazine.com.br\/wp-content\/uploads\/2026\/01\/Claudia-Prechedes_web_908Magazine0003-768x1151.jpg 768w, https:\/\/908magazine.com.br\/wp-content\/uploads\/2026\/01\/Claudia-Prechedes_web_908Magazine0003-60x90.jpg 60w, https:\/\/908magazine.com.br\/wp-content\/uploads\/2026\/01\/Claudia-Prechedes_web_908Magazine0003.jpg 801w\" sizes=\"auto, (max-width: 684px) 100vw, 684px\" \/><\/a><\/figure>\n\n\n\n<figure class=\"wp-block-image size-large\"><a href=\"https:\/\/908magazine.com.br\/wp-content\/uploads\/2026\/01\/Claudia-Prechedes_web_908Magazine0005.jpg\"><img loading=\"lazy\" decoding=\"async\" width=\"1024\" height=\"683\" data-id=\"693\" src=\"https:\/\/908magazine.com.br\/wp-content\/uploads\/2026\/01\/Claudia-Prechedes_web_908Magazine0005-1024x683.jpg\" alt=\"\" class=\"wp-image-693\" srcset=\"https:\/\/908magazine.com.br\/wp-content\/uploads\/2026\/01\/Claudia-Prechedes_web_908Magazine0005-1024x683.jpg 1024w, https:\/\/908magazine.com.br\/wp-content\/uploads\/2026\/01\/Claudia-Prechedes_web_908Magazine0005-300x200.jpg 300w, https:\/\/908magazine.com.br\/wp-content\/uploads\/2026\/01\/Claudia-Prechedes_web_908Magazine0005-768x512.jpg 768w, https:\/\/908magazine.com.br\/wp-content\/uploads\/2026\/01\/Claudia-Prechedes_web_908Magazine0005-60x40.jpg 60w, https:\/\/908magazine.com.br\/wp-content\/uploads\/2026\/01\/Claudia-Prechedes_web_908Magazine0005-720x480.jpg 720w, https:\/\/908magazine.com.br\/wp-content\/uploads\/2026\/01\/Claudia-Prechedes_web_908Magazine0005.jpg 1200w\" sizes=\"auto, (max-width: 1024px) 100vw, 1024px\" \/><\/a><\/figure>\n<\/figure>\n\n\n\n<p class=\"wp-block-paragraph\">Onze anos depois, o pa\u00eds viria a conhecer o \u00e1lbum do cantor e compositor Jorge Ben Jor, intitulado \u201cNegro \u00e9 lindo\u201d, de 1971, uma ode \u00e0s identidades negras em di\u00e1logo com os movimentos <em>Black Power<\/em> e <em>Black is Beautiful<\/em> nos Estados Unidos da d\u00e9cada anterior. O \u00e1lbum foi precursor do Movimento Black Rio, que marcou a d\u00e9cada com a mistura de ritmos estrangeiros como funk, jazz e soul, somados aos nacionais samba e forr\u00f3, e \u00e0 produ\u00e7\u00e3o intelectual, luta pol\u00edtica e fortalecimento das culturas negras. Mais recentemente, movimentos como a Marcha do Orgulho Crespo, iniciada em 2015, assim como os tutoriais de cuidados para cabelos crespos, s\u00e3o uma continuidade com o passado de constru\u00e7\u00e3o da autoestima negra. Desta forma, trata-se de um inc\u00f4modo, ao mesmo tempo particular e coletivo, aquele que mobiliza a artista a construir um trabalho extenso e incans\u00e1vel sobre transi\u00e7\u00e3o capilar, resist\u00eancia, identidade e est\u00e9tica negras.&nbsp;<\/p>\n\n\n\n<figure class=\"wp-block-gallery has-nested-images columns-default is-cropped wp-block-gallery-5 is-layout-flex wp-block-gallery-is-layout-flex\">\n<figure class=\"wp-block-image size-large\"><a href=\"https:\/\/908magazine.com.br\/wp-content\/uploads\/2026\/01\/Claudia-Prechedes_web_908Magazine0006.jpg\"><img loading=\"lazy\" decoding=\"async\" width=\"1024\" height=\"732\" data-id=\"692\" src=\"https:\/\/908magazine.com.br\/wp-content\/uploads\/2026\/01\/Claudia-Prechedes_web_908Magazine0006-1024x732.jpg\" alt=\"\" class=\"wp-image-692\" srcset=\"https:\/\/908magazine.com.br\/wp-content\/uploads\/2026\/01\/Claudia-Prechedes_web_908Magazine0006-1024x732.jpg 1024w, https:\/\/908magazine.com.br\/wp-content\/uploads\/2026\/01\/Claudia-Prechedes_web_908Magazine0006-300x215.jpg 300w, https:\/\/908magazine.com.br\/wp-content\/uploads\/2026\/01\/Claudia-Prechedes_web_908Magazine0006-768x549.jpg 768w, https:\/\/908magazine.com.br\/wp-content\/uploads\/2026\/01\/Claudia-Prechedes_web_908Magazine0006-60x43.jpg 60w, https:\/\/908magazine.com.br\/wp-content\/uploads\/2026\/01\/Claudia-Prechedes_web_908Magazine0006.jpg 1200w\" sizes=\"auto, (max-width: 1024px) 100vw, 1024px\" \/><\/a><\/figure>\n\n\n\n<figure class=\"wp-block-image size-large\"><a href=\"https:\/\/908magazine.com.br\/wp-content\/uploads\/2026\/01\/Claudia-Prechedes_web_908Magazine0010.jpg\"><img loading=\"lazy\" decoding=\"async\" width=\"1024\" height=\"732\" data-id=\"691\" src=\"https:\/\/908magazine.com.br\/wp-content\/uploads\/2026\/01\/Claudia-Prechedes_web_908Magazine0010-1024x732.jpg\" alt=\"\" class=\"wp-image-691\" srcset=\"https:\/\/908magazine.com.br\/wp-content\/uploads\/2026\/01\/Claudia-Prechedes_web_908Magazine0010-1024x732.jpg 1024w, https:\/\/908magazine.com.br\/wp-content\/uploads\/2026\/01\/Claudia-Prechedes_web_908Magazine0010-300x215.jpg 300w, https:\/\/908magazine.com.br\/wp-content\/uploads\/2026\/01\/Claudia-Prechedes_web_908Magazine0010-768x549.jpg 768w, https:\/\/908magazine.com.br\/wp-content\/uploads\/2026\/01\/Claudia-Prechedes_web_908Magazine0010-60x43.jpg 60w, https:\/\/908magazine.com.br\/wp-content\/uploads\/2026\/01\/Claudia-Prechedes_web_908Magazine0010.jpg 1200w\" sizes=\"auto, (max-width: 1024px) 100vw, 1024px\" \/><\/a><\/figure>\n\n\n\n<figure class=\"wp-block-image size-large\"><a href=\"https:\/\/908magazine.com.br\/wp-content\/uploads\/2026\/01\/Claudia-Prechedes_web_908Magazine0012.jpg\"><img loading=\"lazy\" decoding=\"async\" width=\"683\" height=\"1024\" data-id=\"690\" src=\"https:\/\/908magazine.com.br\/wp-content\/uploads\/2026\/01\/Claudia-Prechedes_web_908Magazine0012-683x1024.jpg\" alt=\"\" class=\"wp-image-690\" srcset=\"https:\/\/908magazine.com.br\/wp-content\/uploads\/2026\/01\/Claudia-Prechedes_web_908Magazine0012-683x1024.jpg 683w, https:\/\/908magazine.com.br\/wp-content\/uploads\/2026\/01\/Claudia-Prechedes_web_908Magazine0012-200x300.jpg 200w, https:\/\/908magazine.com.br\/wp-content\/uploads\/2026\/01\/Claudia-Prechedes_web_908Magazine0012-768x1152.jpg 768w, https:\/\/908magazine.com.br\/wp-content\/uploads\/2026\/01\/Claudia-Prechedes_web_908Magazine0012-60x90.jpg 60w, https:\/\/908magazine.com.br\/wp-content\/uploads\/2026\/01\/Claudia-Prechedes_web_908Magazine0012.jpg 800w\" sizes=\"auto, (max-width: 683px) 100vw, 683px\" \/><\/a><\/figure>\n<\/figure>\n\n\n\n<p class=\"wp-block-paragraph\">A atmosfera densa das fotografias se d\u00e1 pelo tensionamento entre a composi\u00e7\u00e3o de objetos discursivos, as cores em tons frios e baixo contraste, a express\u00e3o firme da artista e seus gestos eloquentes. O semblante de Claudia reacende a diverg\u00eancia entre os historiadores J. J. Winckelmann e Aby Warburg: de um lado, a nobre simplicidade e a serena grandeza; de outro, a express\u00e3o visceral das emo\u00e7\u00f5es que atravessam os tempos da humanidade.\u00b9 Essas caracter\u00edsticas somadas ao <em>pathos<\/em> fixado \u00e0 forma-retrato ao longo da hist\u00f3ria da arte, constituem a carga emotiva das fotografias, imprimindo-as no conjunto fantasmag\u00f3rico de imagens sobreviventes (Nachleben) em simbiose com a mem\u00f3ria. Observar o trabalho de Claudia Prechedes junto ao panorama da hist\u00f3ria permite compreender a sua obra como uma investiga\u00e7\u00e3o simb\u00f3lica e pol\u00edtica da representa\u00e7\u00e3o de mulheres negras no Ocidente. Assim, contrap\u00f5e imagin\u00e1rios cristalizados e contribui para a mudan\u00e7a de paradigmas est\u00e9ticos, narrativos e visuais contempor\u00e2neos.&nbsp;<\/p>\n\n\n\n<p class=\"has-small-font-size wp-block-paragraph\">\u00b9 A diverg\u00eancia aqui citada refere-se \u00e0 tens\u00e3o entre o ideal cl\u00e1ssico da &#8220;nobre simplicidade e serena grandeza&#8221; (defendido por Johann Joachim Winckelmann como norma da arte grega) e o conceito de Pathosformel de Aby Warburg, que identifica na hist\u00f3ria da arte a sobreviv\u00eancia (Nachleben) de formas expressivas viscerais e arcaicas, capazes de transmitir emo\u00e7\u00f5es extremas atrav\u00e9s dos s\u00e9culos. No trabalho de Prechedes, a imobilidade aparente da artista \u00e9 frequentemente subvertida por essa carga dram\u00e1tica, que desloca o olhar do contemplativo para o afetado.<\/p>\n\n\n\n<p class=\"wp-block-paragraph\"><\/p>\n\n\n\n<p class=\"wp-block-paragraph\"><\/p>\n\n\n\n<p class=\"has-small-font-size wp-block-paragraph\">Sobre a fot\u00f3grafa:<br><strong>Claudia Prechedes<\/strong> \u00e9 artista visual e fot\u00f3grafa brasileira cuja pr\u00e1tica investiga o corpo e a identidade a partir de perspectivas feministas e decoloniais. Aborda a negritude e a viv\u00eancia perif\u00e9rica, confrontando padr\u00f5es est\u00e9ticos hegem\u00f4nicos e narrativas hist\u00f3ricas dominantes. <\/p>\n\n\n\n<p class=\"has-small-font-size wp-block-paragraph\">Sobre a autora:<br><strong>Maria Luiza Meneses<\/strong> \u00e9 curadora, bacharel em Hist\u00f3ria da Arte (UNIFESP) e especialista em Gest\u00e3o Cultural (CPF Sesc SP). Atualmente \u00e9 curadora no Centro Cultural S\u00e3o Paulo &#8211; CCSP. Escreve sobre acervos, arte contempor\u00e2nea e fotografia, arte afro-brasileira, cultura popular e pol\u00edtica.&nbsp;<br><\/p>\n\n\n\n<p class=\"wp-block-paragraph\"><\/p>\n","protected":false},"excerpt":{"rendered":"<p>Uma mulher de cabelos pretos e soltos olha fixamente para frente. O olhar hipn\u00f3tico convoca o observador. Seu rosto n\u00e3o acompanha o movimento do corpo, parcialmente virado para o lado e desnudo. Sobre a cabe\u00e7a, uma coroa de pentes finos se eleva imponente. A raiz aparentemente lisa \u00e9 seguida por fios volumosos e sem defini\u00e7\u00e3o. Dos cachos que ali estavam, restam apenas em algumas pontas de cabelo, fazendo men\u00e7\u00e3o a uma forma temporariamente inexistente. Ao fundo, o tecido cinza e brilhante destaca o autorretrato da fot\u00f3grafa Claudia Prechedes, parte da s\u00e9rie Pixaim \u2013 modo pejorativo de chamar os cabelos crespos<\/p>","protected":false},"author":1,"featured_media":688,"comment_status":"closed","ping_status":"open","sticky":false,"template":"","format":"standard","meta":{"footnotes":""},"categories":[4,5],"tags":[10,12,13,16,21],"class_list":["post-12","post","type-post","status-publish","format-standard","has-post-thumbnail","hentry","category-experimental","category-retrato","tag-art","tag-culture","tag-fashion","tag-music","tag-wordpress"],"_links":{"self":[{"href":"https:\/\/908magazine.com.br\/en\/wp-json\/wp\/v2\/posts\/12","targetHints":{"allow":["GET"]}}],"collection":[{"href":"https:\/\/908magazine.com.br\/en\/wp-json\/wp\/v2\/posts"}],"about":[{"href":"https:\/\/908magazine.com.br\/en\/wp-json\/wp\/v2\/types\/post"}],"author":[{"embeddable":true,"href":"https:\/\/908magazine.com.br\/en\/wp-json\/wp\/v2\/users\/1"}],"replies":[{"embeddable":true,"href":"https:\/\/908magazine.com.br\/en\/wp-json\/wp\/v2\/comments?post=12"}],"version-history":[{"count":23,"href":"https:\/\/908magazine.com.br\/en\/wp-json\/wp\/v2\/posts\/12\/revisions"}],"predecessor-version":[{"id":1543,"href":"https:\/\/908magazine.com.br\/en\/wp-json\/wp\/v2\/posts\/12\/revisions\/1543"}],"wp:featuredmedia":[{"embeddable":true,"href":"https:\/\/908magazine.com.br\/en\/wp-json\/wp\/v2\/media\/688"}],"wp:attachment":[{"href":"https:\/\/908magazine.com.br\/en\/wp-json\/wp\/v2\/media?parent=12"}],"wp:term":[{"taxonomy":"category","embeddable":true,"href":"https:\/\/908magazine.com.br\/en\/wp-json\/wp\/v2\/categories?post=12"},{"taxonomy":"post_tag","embeddable":true,"href":"https:\/\/908magazine.com.br\/en\/wp-json\/wp\/v2\/tags?post=12"}],"curies":[{"name":"wp","href":"https:\/\/api.w.org\/{rel}","templated":true}]}}